{"id":11680,"date":"2014-09-12T14:17:25","date_gmt":"2014-09-12T14:17:25","guid":{"rendered":"http:\/\/www.nationalpardon.org\/?p=11680"},"modified":"2014-09-12T14:17:25","modified_gmt":"2014-09-12T14:17:25","slug":"le-pouvoir-de-revoquer-un-pardon-de-la-commission-des-liberations-conditionnelles-est-mis-en-question-la-cour-federale","status":"publish","type":"post","link":"https:\/\/staging.nationalpardon.org\/?p=11680","title":{"rendered":"Le pouvoir de r\u00e9voquer un Pardon de la Commission des Lib\u00e9rations Conditionnelles est mis en question \u00e0 la Cour F\u00e9d\u00e9rale"},"content":{"rendered":"<p><em>TORONTO \u2013 R\u00e9voquer un pardon en partant seulement sur le fait que la GRC ait accus\u00e9 un homme de complot visant d\u2019attaquer un train passager est injuste et une violation de son droit de garder le silence, d\u2019apr\u00e8s des arguments re\u00e7us Lundi \u00e0 la Cour f\u00e9d\u00e9rale.<\/em><\/p>\n<p>Ceci \u00e9tait l\u2019argument de l\u2019avocat de Jaser, avec qui j\u2019ai eu plusieurs \u00e9changes dans le pass\u00e9. Bien entendu, je ne suis certainement pas un juge \u00e0 Cour f\u00e9d\u00e9rale, mais si vous croyez qu\u2019une personne r\u00e9serve le droit d\u2019\u00eatre pr\u00e9sum\u00e9e innocente jusqu&#8217;\u00e0 ce que sa culpabilit\u00e9 soit \u00e9tablie, il est difficile de ne pas \u00eatre d\u2019accord avec sa position.<\/p>\n<p>La CLCC soutient qu\u2019elle n\u2019a pas \u00e0 ce tenir \u00e0 la Constitution pour cette affaire. Je suis de l\u2019opinion qu\u2019elle l\u2019est et que le juge respectera le droit de Jaser d\u2019\u00eatre pr\u00e9sum\u00e9 innocent jusqu&#8217;\u00e0 preuve du contraire. J\u2019ai d\u00e9j\u00e0 publi\u00e9 un article sur un th\u00e8me semblable\u00a0(disponible en anglais seulement):<\/p>\n<p><a href=\"http:\/\/www.ipolitics.ca\/2014\/04\/04\/how-the-parole-system-treats-the-presumption-of-innocence\/\">Preumption of innocence<\/a><\/p>\n<p>Jaser a \u00e9t\u00e9 accus\u00e9 de complot visant \u00e0 faire d\u00e9railler un train dans une attaque terroriste, et presque aussit\u00f4t, la CLCC a r\u00e9voqu\u00e9 son Pardon. Pour ceux qui pr\u00eatent une grande attention au syst\u00e8me judiciaire \u2013 surtout depuis la victoire des Conservateurs \u2013 ce passage \u00e0 l\u2019action semble plut\u00f4t \u00eatre un geste de politicaillerie d\u2019un gouvernement qui pr\u00e9tend \u00eatre plus s\u00e9v\u00e8re.<\/p>\n<p>Bien sur, il est difficile de d\u00e9terminer o\u00f9 termine l\u2019influence de l\u2019administration de Harper, et o\u00f9 d\u00e9bute celle des tribunaux ind\u00e9pendants (comme la Commission des Lib\u00e9rations Conditionnelles). Mais d\u2019une mani\u00e8re ou d\u2019une autre, il est clair que la Commission est compos\u00e9e de maintes personnes qui veulent prendre une position plus s\u00e9v\u00e8re sur la criminalit\u00e9, comme celle parrain\u00e9e par le gouvernement Conservateur.<\/p>\n<p>Restez \u00e0 l\u2019\u00e9coute pour le verdict \u2013 je l\u2019annoncerai ici. Avec un peu de chance, le <a title=\"demande de pardon\" href=\"http:\/\/www.nationalpardon.org\/?lang=fr\">demande de pardon<\/a> canadien de Jaser lui sera r\u00e9tabli jusqu&#8217;\u00e0 ce qu\u2019un examen ad\u00e9quat puisse \u00eatre conduit APRES son proc\u00e8s.<\/p>\n<p>Pour plus d\u2019informations\u00a0:<\/p>\n<p>http:\/\/www.lapresse.ca\/actualites\/justice-et-affaires-criminelles\/actualites-judiciaires\/201406\/15\/01-4775998-retrait-du-pardon-dun-presume-terroriste-le-federal-dit-avoir-bien-agi.php<\/p>\n<p>&nbsp;<\/p>\n","protected":false},"excerpt":{"rendered":"<p>TORONTO \u2013 R\u00e9voquer un pardon en partant seulement sur le fait que la GRC ait accus\u00e9 un homme de complot visant d\u2019attaquer un train passager est injuste et une violation de son droit de garder le silence, d\u2019apr\u00e8s des arguments re\u00e7us Lundi \u00e0 la Cour f\u00e9d\u00e9rale. Ceci \u00e9tait l\u2019argument de l\u2019avocat de Jaser, avec qui [&hellip;]<\/p>\n","protected":false},"author":2,"featured_media":17030,"comment_status":"open","ping_status":"open","sticky":false,"template":"","format":"standard","meta":{"footnotes":""},"categories":[26],"tags":[],"class_list":["post-11680","post","type-post","status-publish","format-standard","has-post-thumbnail","hentry","category-empreintes-2"],"yoast_head":"<!-- This site is optimized with the Yoast SEO plugin v27.4 - https:\/\/yoast.com\/product\/yoast-seo-wordpress\/ -->\n<title>Le pouvoir de r\u00e9voquer un Pardon de la Commission des Lib\u00e9rations Conditionnelles est mis en question \u00e0 la Cour F\u00e9d\u00e9rale - staging.nationalpardon.org<\/title>\n<meta name=\"robots\" content=\"noindex, follow, max-snippet:-1, max-image-preview:large, max-video-preview:-1\" \/>\n<meta property=\"og:locale\" content=\"en_US\" \/>\n<meta property=\"og:type\" content=\"article\" \/>\n<meta property=\"og:title\" content=\"Le pouvoir de r\u00e9voquer un Pardon de la Commission des Lib\u00e9rations Conditionnelles est mis en question \u00e0 la Cour F\u00e9d\u00e9rale - staging.nationalpardon.org\" \/>\n<meta property=\"og:description\" content=\"TORONTO \u2013 R\u00e9voquer un pardon en partant seulement sur le fait que la GRC ait accus\u00e9 un homme de complot visant d\u2019attaquer un train passager est injuste et une violation de son droit de garder le silence, d\u2019apr\u00e8s des arguments re\u00e7us Lundi \u00e0 la Cour f\u00e9d\u00e9rale. Ceci \u00e9tait l\u2019argument de l\u2019avocat de Jaser, avec qui [&hellip;]\" \/>\n<meta property=\"og:url\" content=\"https:\/\/staging.nationalpardon.org\/?p=11680\" \/>\n<meta property=\"og:site_name\" content=\"staging.nationalpardon.org\" \/>\n<meta property=\"article:published_time\" content=\"2014-09-12T14:17:25+00:00\" \/>\n<meta name=\"author\" content=\"National Pardon\" \/>\n<meta name=\"twitter:card\" content=\"summary_large_image\" \/>\n<meta name=\"twitter:label1\" content=\"Written by\" \/>\n\t<meta name=\"twitter:data1\" content=\"National Pardon\" \/>\n\t<meta name=\"twitter:label2\" content=\"Est. reading time\" \/>\n\t<meta name=\"twitter:data2\" content=\"2 minutes\" \/>\n<script type=\"application\/ld+json\" class=\"yoast-schema-graph\">{\"@context\":\"https:\\\/\\\/schema.org\",\"@graph\":[{\"@type\":\"Article\",\"@id\":\"https:\\\/\\\/staging.nationalpardon.org\\\/?p=11680#article\",\"isPartOf\":{\"@id\":\"https:\\\/\\\/staging.nationalpardon.org\\\/?p=11680\"},\"author\":{\"name\":\"National Pardon\",\"@id\":\"https:\\\/\\\/staging.nationalpardon.org\\\/#\\\/schema\\\/person\\\/7d8875ab66fc730533e59e05d71b75ba\"},\"headline\":\"Le pouvoir de r\u00e9voquer un Pardon de la Commission des Lib\u00e9rations Conditionnelles est mis en question \u00e0 la Cour F\u00e9d\u00e9rale\",\"datePublished\":\"2014-09-12T14:17:25+00:00\",\"mainEntityOfPage\":{\"@id\":\"https:\\\/\\\/staging.nationalpardon.org\\\/?p=11680\"},\"wordCount\":400,\"commentCount\":0,\"image\":{\"@id\":\"https:\\\/\\\/staging.nationalpardon.org\\\/?p=11680#primaryimage\"},\"thumbnailUrl\":\"\",\"articleSection\":[\"Empreintes\"],\"inLanguage\":\"en-CA\",\"potentialAction\":[{\"@type\":\"CommentAction\",\"name\":\"Comment\",\"target\":[\"https:\\\/\\\/staging.nationalpardon.org\\\/?p=11680#respond\"]}]},{\"@type\":\"WebPage\",\"@id\":\"https:\\\/\\\/staging.nationalpardon.org\\\/?p=11680\",\"url\":\"https:\\\/\\\/staging.nationalpardon.org\\\/?p=11680\",\"name\":\"Le pouvoir de r\u00e9voquer un Pardon de la Commission des Lib\u00e9rations Conditionnelles est mis en question \u00e0 la Cour F\u00e9d\u00e9rale - staging.nationalpardon.org\",\"isPartOf\":{\"@id\":\"https:\\\/\\\/staging.nationalpardon.org\\\/#website\"},\"primaryImageOfPage\":{\"@id\":\"https:\\\/\\\/staging.nationalpardon.org\\\/?p=11680#primaryimage\"},\"image\":{\"@id\":\"https:\\\/\\\/staging.nationalpardon.org\\\/?p=11680#primaryimage\"},\"thumbnailUrl\":\"\",\"datePublished\":\"2014-09-12T14:17:25+00:00\",\"author\":{\"@id\":\"https:\\\/\\\/staging.nationalpardon.org\\\/#\\\/schema\\\/person\\\/7d8875ab66fc730533e59e05d71b75ba\"},\"breadcrumb\":{\"@id\":\"https:\\\/\\\/staging.nationalpardon.org\\\/?p=11680#breadcrumb\"},\"inLanguage\":\"en-CA\",\"potentialAction\":[{\"@type\":\"ReadAction\",\"target\":[\"https:\\\/\\\/staging.nationalpardon.org\\\/?p=11680\"]}]},{\"@type\":\"ImageObject\",\"inLanguage\":\"en-CA\",\"@id\":\"https:\\\/\\\/staging.nationalpardon.org\\\/?p=11680#primaryimage\",\"url\":\"\",\"contentUrl\":\"\"},{\"@type\":\"BreadcrumbList\",\"@id\":\"https:\\\/\\\/staging.nationalpardon.org\\\/?p=11680#breadcrumb\",\"itemListElement\":[{\"@type\":\"ListItem\",\"position\":1,\"name\":\"Home\",\"item\":\"https:\\\/\\\/staging.nationalpardon.org\\\/\"},{\"@type\":\"ListItem\",\"position\":2,\"name\":\"Le pouvoir de r\u00e9voquer un Pardon de la Commission des Lib\u00e9rations Conditionnelles est mis en question \u00e0 la Cour F\u00e9d\u00e9rale\"}]},{\"@type\":\"WebSite\",\"@id\":\"https:\\\/\\\/staging.nationalpardon.org\\\/#website\",\"url\":\"https:\\\/\\\/staging.nationalpardon.org\\\/\",\"name\":\"staging.nationalpardon.org\",\"description\":\"\",\"potentialAction\":[{\"@type\":\"SearchAction\",\"target\":{\"@type\":\"EntryPoint\",\"urlTemplate\":\"https:\\\/\\\/staging.nationalpardon.org\\\/?s={search_term_string}\"},\"query-input\":{\"@type\":\"PropertyValueSpecification\",\"valueRequired\":true,\"valueName\":\"search_term_string\"}}],\"inLanguage\":\"en-CA\"},{\"@type\":\"Person\",\"@id\":\"https:\\\/\\\/staging.nationalpardon.org\\\/#\\\/schema\\\/person\\\/7d8875ab66fc730533e59e05d71b75ba\",\"name\":\"National Pardon\",\"image\":{\"@type\":\"ImageObject\",\"inLanguage\":\"en-CA\",\"@id\":\"https:\\\/\\\/secure.gravatar.com\\\/avatar\\\/d55e3ad3ac775d0424d0fabd5ee073c9b71cd7bd352610bb4cc4ff574dc748fe?s=96&d=mm&r=g\",\"url\":\"https:\\\/\\\/secure.gravatar.com\\\/avatar\\\/d55e3ad3ac775d0424d0fabd5ee073c9b71cd7bd352610bb4cc4ff574dc748fe?s=96&d=mm&r=g\",\"contentUrl\":\"https:\\\/\\\/secure.gravatar.com\\\/avatar\\\/d55e3ad3ac775d0424d0fabd5ee073c9b71cd7bd352610bb4cc4ff574dc748fe?s=96&d=mm&r=g\",\"caption\":\"National Pardon\"},\"url\":\"https:\\\/\\\/staging.nationalpardon.org\\\/?author=2\"}]}<\/script>\n<!-- \/ Yoast SEO plugin. -->","yoast_head_json":{"title":"Le pouvoir de r\u00e9voquer un Pardon de la Commission des Lib\u00e9rations Conditionnelles est mis en question \u00e0 la Cour F\u00e9d\u00e9rale - staging.nationalpardon.org","robots":{"index":"noindex","follow":"follow","max-snippet":"max-snippet:-1","max-image-preview":"max-image-preview:large","max-video-preview":"max-video-preview:-1"},"og_locale":"en_US","og_type":"article","og_title":"Le pouvoir de r\u00e9voquer un Pardon de la Commission des Lib\u00e9rations Conditionnelles est mis en question \u00e0 la Cour F\u00e9d\u00e9rale - staging.nationalpardon.org","og_description":"TORONTO \u2013 R\u00e9voquer un pardon en partant seulement sur le fait que la GRC ait accus\u00e9 un homme de complot visant d\u2019attaquer un train passager est injuste et une violation de son droit de garder le silence, d\u2019apr\u00e8s des arguments re\u00e7us Lundi \u00e0 la Cour f\u00e9d\u00e9rale. Ceci \u00e9tait l\u2019argument de l\u2019avocat de Jaser, avec qui [&hellip;]","og_url":"https:\/\/staging.nationalpardon.org\/?p=11680","og_site_name":"staging.nationalpardon.org","article_published_time":"2014-09-12T14:17:25+00:00","author":"National Pardon","twitter_card":"summary_large_image","twitter_misc":{"Written by":"National Pardon","Est. reading time":"2 minutes"},"schema":{"@context":"https:\/\/schema.org","@graph":[{"@type":"Article","@id":"https:\/\/staging.nationalpardon.org\/?p=11680#article","isPartOf":{"@id":"https:\/\/staging.nationalpardon.org\/?p=11680"},"author":{"name":"National Pardon","@id":"https:\/\/staging.nationalpardon.org\/#\/schema\/person\/7d8875ab66fc730533e59e05d71b75ba"},"headline":"Le pouvoir de r\u00e9voquer un Pardon de la Commission des Lib\u00e9rations Conditionnelles est mis en question \u00e0 la Cour F\u00e9d\u00e9rale","datePublished":"2014-09-12T14:17:25+00:00","mainEntityOfPage":{"@id":"https:\/\/staging.nationalpardon.org\/?p=11680"},"wordCount":400,"commentCount":0,"image":{"@id":"https:\/\/staging.nationalpardon.org\/?p=11680#primaryimage"},"thumbnailUrl":"","articleSection":["Empreintes"],"inLanguage":"en-CA","potentialAction":[{"@type":"CommentAction","name":"Comment","target":["https:\/\/staging.nationalpardon.org\/?p=11680#respond"]}]},{"@type":"WebPage","@id":"https:\/\/staging.nationalpardon.org\/?p=11680","url":"https:\/\/staging.nationalpardon.org\/?p=11680","name":"Le pouvoir de r\u00e9voquer un Pardon de la Commission des Lib\u00e9rations Conditionnelles est mis en question \u00e0 la Cour F\u00e9d\u00e9rale - staging.nationalpardon.org","isPartOf":{"@id":"https:\/\/staging.nationalpardon.org\/#website"},"primaryImageOfPage":{"@id":"https:\/\/staging.nationalpardon.org\/?p=11680#primaryimage"},"image":{"@id":"https:\/\/staging.nationalpardon.org\/?p=11680#primaryimage"},"thumbnailUrl":"","datePublished":"2014-09-12T14:17:25+00:00","author":{"@id":"https:\/\/staging.nationalpardon.org\/#\/schema\/person\/7d8875ab66fc730533e59e05d71b75ba"},"breadcrumb":{"@id":"https:\/\/staging.nationalpardon.org\/?p=11680#breadcrumb"},"inLanguage":"en-CA","potentialAction":[{"@type":"ReadAction","target":["https:\/\/staging.nationalpardon.org\/?p=11680"]}]},{"@type":"ImageObject","inLanguage":"en-CA","@id":"https:\/\/staging.nationalpardon.org\/?p=11680#primaryimage","url":"","contentUrl":""},{"@type":"BreadcrumbList","@id":"https:\/\/staging.nationalpardon.org\/?p=11680#breadcrumb","itemListElement":[{"@type":"ListItem","position":1,"name":"Home","item":"https:\/\/staging.nationalpardon.org\/"},{"@type":"ListItem","position":2,"name":"Le pouvoir de r\u00e9voquer un Pardon de la Commission des Lib\u00e9rations Conditionnelles est mis en question \u00e0 la Cour F\u00e9d\u00e9rale"}]},{"@type":"WebSite","@id":"https:\/\/staging.nationalpardon.org\/#website","url":"https:\/\/staging.nationalpardon.org\/","name":"staging.nationalpardon.org","description":"","potentialAction":[{"@type":"SearchAction","target":{"@type":"EntryPoint","urlTemplate":"https:\/\/staging.nationalpardon.org\/?s={search_term_string}"},"query-input":{"@type":"PropertyValueSpecification","valueRequired":true,"valueName":"search_term_string"}}],"inLanguage":"en-CA"},{"@type":"Person","@id":"https:\/\/staging.nationalpardon.org\/#\/schema\/person\/7d8875ab66fc730533e59e05d71b75ba","name":"National Pardon","image":{"@type":"ImageObject","inLanguage":"en-CA","@id":"https:\/\/secure.gravatar.com\/avatar\/d55e3ad3ac775d0424d0fabd5ee073c9b71cd7bd352610bb4cc4ff574dc748fe?s=96&d=mm&r=g","url":"https:\/\/secure.gravatar.com\/avatar\/d55e3ad3ac775d0424d0fabd5ee073c9b71cd7bd352610bb4cc4ff574dc748fe?s=96&d=mm&r=g","contentUrl":"https:\/\/secure.gravatar.com\/avatar\/d55e3ad3ac775d0424d0fabd5ee073c9b71cd7bd352610bb4cc4ff574dc748fe?s=96&d=mm&r=g","caption":"National Pardon"},"url":"https:\/\/staging.nationalpardon.org\/?author=2"}]}},"_links":{"self":[{"href":"https:\/\/staging.nationalpardon.org\/index.php?rest_route=\/wp\/v2\/posts\/11680","targetHints":{"allow":["GET"]}}],"collection":[{"href":"https:\/\/staging.nationalpardon.org\/index.php?rest_route=\/wp\/v2\/posts"}],"about":[{"href":"https:\/\/staging.nationalpardon.org\/index.php?rest_route=\/wp\/v2\/types\/post"}],"author":[{"embeddable":true,"href":"https:\/\/staging.nationalpardon.org\/index.php?rest_route=\/wp\/v2\/users\/2"}],"replies":[{"embeddable":true,"href":"https:\/\/staging.nationalpardon.org\/index.php?rest_route=%2Fwp%2Fv2%2Fcomments&post=11680"}],"version-history":[{"count":0,"href":"https:\/\/staging.nationalpardon.org\/index.php?rest_route=\/wp\/v2\/posts\/11680\/revisions"}],"wp:featuredmedia":[{"embeddable":true,"href":"https:\/\/staging.nationalpardon.org\/index.php?rest_route=\/"}],"wp:attachment":[{"href":"https:\/\/staging.nationalpardon.org\/index.php?rest_route=%2Fwp%2Fv2%2Fmedia&parent=11680"}],"wp:term":[{"taxonomy":"category","embeddable":true,"href":"https:\/\/staging.nationalpardon.org\/index.php?rest_route=%2Fwp%2Fv2%2Fcategories&post=11680"},{"taxonomy":"post_tag","embeddable":true,"href":"https:\/\/staging.nationalpardon.org\/index.php?rest_route=%2Fwp%2Fv2%2Ftags&post=11680"}],"curies":[{"name":"wp","href":"https:\/\/api.w.org\/{rel}","templated":true}]}}