{"id":11749,"date":"2014-09-30T13:30:07","date_gmt":"2014-09-30T13:30:07","guid":{"rendered":"http:\/\/www.nationalpardon.org\/?p=11749"},"modified":"2014-09-30T13:30:07","modified_gmt":"2014-09-30T13:30:07","slug":"deconsiderer-ladministration-de-la-justice","status":"publish","type":"post","link":"https:\/\/staging.nationalpardon.org\/?p=11749","title":{"rendered":"D\u00e9consid\u00e9rer l\u2019administration de la justice"},"content":{"rendered":"<p>Une partie du projet de loi omnibus du gouvernement Conservateur \u00e9tait des l\u00e9gislations qui ont chang\u00e9 les lois concernant le programme de Pardon au Canada. Parmi plusieurs mesures, dont le changement de \u00ab Pardon \u00bb \u00e0 \u00ab Suspension de casier \u00bb, il y en eu une tr\u00e8s bizarre qui permet maintenant \u00e0 la Commission des Lib\u00e9rations Conditionnelles de refuser une demande de suspension de casier si elle consid\u00e8re que l\u2019administration de la justice serait susceptible d\u2019\u00eatre d\u00e9consid\u00e9r\u00e9e.<\/p>\n<p>Cela veut dire en r\u00e9alit\u00e9 que la CLCC peut refuser une demande ou r\u00e9voquer un pardon pour n\u2019importe quelle raison. Nous avons vu \u00e9norm\u00e9ment de ce genre de cas r\u00e9cemment donc soyez sur d\u2019avoir pr\u00e9par\u00e9 votre demande du mieux possible.<\/p>\n<p>Un exemple actuel est la r\u00e9vocation du Pardon de Raed Jaser avant qu\u2019il soit condamn\u00e9 pour quoi que ce soit. Cela semblerai une violation de la Charte des Lois et Libert\u00e9s qui garanti que nous sommes tous innocents jusqu&#8217;\u00e0 preuve du contraire. Si cette section est respect\u00e9e, il est clair que le pardon de M. Jaser n\u2019aurait pas du \u00eatre r\u00e9voqu\u00e9. Son avocat est pr\u00e9sentement en train de mettre en question cette d\u00e9cision \u00e0 la Cour F\u00e9d\u00e9rale donc v\u00e9rifiez le blogue pour la d\u00e9cision finale si ca vous int\u00e9resse.<\/p>\n<p>Bien qu\u2019elle soit \u00e9videmment sur la d\u00e9fensive, la CLCC soutient qu\u2019elle n\u2019est pas li\u00e9e \u00e0 la Charte. Il y a une explication pour la position de la CLCC mais pour moi elle n\u2019est pas logique. Le fait que la CLCC ne soit pas un tribunal ne devrait pas lui permettre de circonvenir la Charte \u00e0 chaque fois qu\u2019elle le juge opportun.<\/p>\n<p>Cette mesure signifie que votre demande de Pardon doit \u00eatre pr\u00e9par\u00e9e le mieux possible si vous souhaitez qu\u2019il vous soit accord\u00e9, puisque si les agents charg\u00e9s d\u2019\u00e9valuer votre demande veulent refuser votre pardon, ils le feront. Et il leurs faut peu pour justifier leur d\u00e9cision.<\/p>\n<p>Pour plus d\u2019informations, lisez le sommaire ci-dessous sur la l\u00e9gislation des Pardons.<\/p>\n<p>http:\/\/www.parl.gc.ca\/content\/lop\/legislativesummaries\/40\/3\/40-3-c23b-e.pdf<\/p>\n","protected":false},"excerpt":{"rendered":"<p>Une partie du projet de loi omnibus du gouvernement Conservateur \u00e9tait des l\u00e9gislations qui ont chang\u00e9 les lois concernant le programme de Pardon au Canada. Parmi plusieurs mesures, dont le changement de \u00ab Pardon \u00bb \u00e0 \u00ab Suspension de casier \u00bb, il y en eu une tr\u00e8s bizarre qui permet maintenant \u00e0 la Commission des [&hellip;]<\/p>\n","protected":false},"author":2,"featured_media":17030,"comment_status":"open","ping_status":"open","sticky":false,"template":"","format":"standard","meta":{"footnotes":""},"categories":[25],"tags":[],"class_list":["post-11749","post","type-post","status-publish","format-standard","has-post-thumbnail","hentry","category-casier-judiciare-2"],"yoast_head":"<!-- This site is optimized with the Yoast SEO plugin v27.4 - https:\/\/yoast.com\/product\/yoast-seo-wordpress\/ -->\n<title>D\u00e9consid\u00e9rer l\u2019administration de la justice | Centre du pardon<\/title>\n<meta name=\"description\" content=\"Une partie du projet de loi omnibus du gouvernement Conservateur \u00e9tait des l\u00e9gislations qui ont chang\u00e9 les lois concernant le programme de Pardon au Canada.\" \/>\n<meta name=\"robots\" content=\"noindex, follow, max-snippet:-1, max-image-preview:large, max-video-preview:-1\" \/>\n<meta property=\"og:locale\" content=\"en_US\" \/>\n<meta property=\"og:type\" content=\"article\" \/>\n<meta property=\"og:title\" content=\"D\u00e9consid\u00e9rer l\u2019administration de la justice | Centre du pardon\" \/>\n<meta property=\"og:description\" content=\"Une partie du projet de loi omnibus du gouvernement Conservateur \u00e9tait des l\u00e9gislations qui ont chang\u00e9 les lois concernant le programme de Pardon au Canada.\" \/>\n<meta property=\"og:url\" content=\"https:\/\/staging.nationalpardon.org\/?p=11749\" \/>\n<meta property=\"og:site_name\" content=\"staging.nationalpardon.org\" \/>\n<meta property=\"article:published_time\" content=\"2014-09-30T13:30:07+00:00\" \/>\n<meta name=\"author\" content=\"National Pardon\" \/>\n<meta name=\"twitter:card\" content=\"summary_large_image\" \/>\n<meta name=\"twitter:label1\" content=\"Written by\" \/>\n\t<meta name=\"twitter:data1\" content=\"National Pardon\" \/>\n\t<meta name=\"twitter:label2\" content=\"Est. reading time\" \/>\n\t<meta name=\"twitter:data2\" content=\"2 minutes\" \/>\n<script type=\"application\/ld+json\" class=\"yoast-schema-graph\">{\"@context\":\"https:\\\/\\\/schema.org\",\"@graph\":[{\"@type\":\"Article\",\"@id\":\"https:\\\/\\\/staging.nationalpardon.org\\\/?p=11749#article\",\"isPartOf\":{\"@id\":\"https:\\\/\\\/staging.nationalpardon.org\\\/?p=11749\"},\"author\":{\"name\":\"National Pardon\",\"@id\":\"https:\\\/\\\/staging.nationalpardon.org\\\/#\\\/schema\\\/person\\\/7d8875ab66fc730533e59e05d71b75ba\"},\"headline\":\"D\u00e9consid\u00e9rer l\u2019administration de la justice\",\"datePublished\":\"2014-09-30T13:30:07+00:00\",\"mainEntityOfPage\":{\"@id\":\"https:\\\/\\\/staging.nationalpardon.org\\\/?p=11749\"},\"wordCount\":379,\"commentCount\":0,\"image\":{\"@id\":\"https:\\\/\\\/staging.nationalpardon.org\\\/?p=11749#primaryimage\"},\"thumbnailUrl\":\"\",\"articleSection\":[\"Casier Judiciare\"],\"inLanguage\":\"en-CA\",\"potentialAction\":[{\"@type\":\"CommentAction\",\"name\":\"Comment\",\"target\":[\"https:\\\/\\\/staging.nationalpardon.org\\\/?p=11749#respond\"]}]},{\"@type\":\"WebPage\",\"@id\":\"https:\\\/\\\/staging.nationalpardon.org\\\/?p=11749\",\"url\":\"https:\\\/\\\/staging.nationalpardon.org\\\/?p=11749\",\"name\":\"D\u00e9consid\u00e9rer l\u2019administration de la justice | Centre du pardon\",\"isPartOf\":{\"@id\":\"https:\\\/\\\/staging.nationalpardon.org\\\/#website\"},\"primaryImageOfPage\":{\"@id\":\"https:\\\/\\\/staging.nationalpardon.org\\\/?p=11749#primaryimage\"},\"image\":{\"@id\":\"https:\\\/\\\/staging.nationalpardon.org\\\/?p=11749#primaryimage\"},\"thumbnailUrl\":\"\",\"datePublished\":\"2014-09-30T13:30:07+00:00\",\"author\":{\"@id\":\"https:\\\/\\\/staging.nationalpardon.org\\\/#\\\/schema\\\/person\\\/7d8875ab66fc730533e59e05d71b75ba\"},\"description\":\"Une partie du projet de loi omnibus du gouvernement Conservateur \u00e9tait des l\u00e9gislations qui ont chang\u00e9 les lois concernant le programme de Pardon au Canada.\",\"breadcrumb\":{\"@id\":\"https:\\\/\\\/staging.nationalpardon.org\\\/?p=11749#breadcrumb\"},\"inLanguage\":\"en-CA\",\"potentialAction\":[{\"@type\":\"ReadAction\",\"target\":[\"https:\\\/\\\/staging.nationalpardon.org\\\/?p=11749\"]}]},{\"@type\":\"ImageObject\",\"inLanguage\":\"en-CA\",\"@id\":\"https:\\\/\\\/staging.nationalpardon.org\\\/?p=11749#primaryimage\",\"url\":\"\",\"contentUrl\":\"\"},{\"@type\":\"BreadcrumbList\",\"@id\":\"https:\\\/\\\/staging.nationalpardon.org\\\/?p=11749#breadcrumb\",\"itemListElement\":[{\"@type\":\"ListItem\",\"position\":1,\"name\":\"Home\",\"item\":\"https:\\\/\\\/staging.nationalpardon.org\\\/\"},{\"@type\":\"ListItem\",\"position\":2,\"name\":\"D\u00e9consid\u00e9rer l\u2019administration de la justice\"}]},{\"@type\":\"WebSite\",\"@id\":\"https:\\\/\\\/staging.nationalpardon.org\\\/#website\",\"url\":\"https:\\\/\\\/staging.nationalpardon.org\\\/\",\"name\":\"staging.nationalpardon.org\",\"description\":\"\",\"potentialAction\":[{\"@type\":\"SearchAction\",\"target\":{\"@type\":\"EntryPoint\",\"urlTemplate\":\"https:\\\/\\\/staging.nationalpardon.org\\\/?s={search_term_string}\"},\"query-input\":{\"@type\":\"PropertyValueSpecification\",\"valueRequired\":true,\"valueName\":\"search_term_string\"}}],\"inLanguage\":\"en-CA\"},{\"@type\":\"Person\",\"@id\":\"https:\\\/\\\/staging.nationalpardon.org\\\/#\\\/schema\\\/person\\\/7d8875ab66fc730533e59e05d71b75ba\",\"name\":\"National Pardon\",\"image\":{\"@type\":\"ImageObject\",\"inLanguage\":\"en-CA\",\"@id\":\"https:\\\/\\\/secure.gravatar.com\\\/avatar\\\/d55e3ad3ac775d0424d0fabd5ee073c9b71cd7bd352610bb4cc4ff574dc748fe?s=96&d=mm&r=g\",\"url\":\"https:\\\/\\\/secure.gravatar.com\\\/avatar\\\/d55e3ad3ac775d0424d0fabd5ee073c9b71cd7bd352610bb4cc4ff574dc748fe?s=96&d=mm&r=g\",\"contentUrl\":\"https:\\\/\\\/secure.gravatar.com\\\/avatar\\\/d55e3ad3ac775d0424d0fabd5ee073c9b71cd7bd352610bb4cc4ff574dc748fe?s=96&d=mm&r=g\",\"caption\":\"National Pardon\"},\"url\":\"https:\\\/\\\/staging.nationalpardon.org\\\/?author=2\"}]}<\/script>\n<!-- \/ Yoast SEO plugin. -->","yoast_head_json":{"title":"D\u00e9consid\u00e9rer l\u2019administration de la justice | Centre du pardon","description":"Une partie du projet de loi omnibus du gouvernement Conservateur \u00e9tait des l\u00e9gislations qui ont chang\u00e9 les lois concernant le programme de Pardon au Canada.","robots":{"index":"noindex","follow":"follow","max-snippet":"max-snippet:-1","max-image-preview":"max-image-preview:large","max-video-preview":"max-video-preview:-1"},"og_locale":"en_US","og_type":"article","og_title":"D\u00e9consid\u00e9rer l\u2019administration de la justice | Centre du pardon","og_description":"Une partie du projet de loi omnibus du gouvernement Conservateur \u00e9tait des l\u00e9gislations qui ont chang\u00e9 les lois concernant le programme de Pardon au Canada.","og_url":"https:\/\/staging.nationalpardon.org\/?p=11749","og_site_name":"staging.nationalpardon.org","article_published_time":"2014-09-30T13:30:07+00:00","author":"National Pardon","twitter_card":"summary_large_image","twitter_misc":{"Written by":"National Pardon","Est. reading time":"2 minutes"},"schema":{"@context":"https:\/\/schema.org","@graph":[{"@type":"Article","@id":"https:\/\/staging.nationalpardon.org\/?p=11749#article","isPartOf":{"@id":"https:\/\/staging.nationalpardon.org\/?p=11749"},"author":{"name":"National Pardon","@id":"https:\/\/staging.nationalpardon.org\/#\/schema\/person\/7d8875ab66fc730533e59e05d71b75ba"},"headline":"D\u00e9consid\u00e9rer l\u2019administration de la justice","datePublished":"2014-09-30T13:30:07+00:00","mainEntityOfPage":{"@id":"https:\/\/staging.nationalpardon.org\/?p=11749"},"wordCount":379,"commentCount":0,"image":{"@id":"https:\/\/staging.nationalpardon.org\/?p=11749#primaryimage"},"thumbnailUrl":"","articleSection":["Casier Judiciare"],"inLanguage":"en-CA","potentialAction":[{"@type":"CommentAction","name":"Comment","target":["https:\/\/staging.nationalpardon.org\/?p=11749#respond"]}]},{"@type":"WebPage","@id":"https:\/\/staging.nationalpardon.org\/?p=11749","url":"https:\/\/staging.nationalpardon.org\/?p=11749","name":"D\u00e9consid\u00e9rer l\u2019administration de la justice | Centre du pardon","isPartOf":{"@id":"https:\/\/staging.nationalpardon.org\/#website"},"primaryImageOfPage":{"@id":"https:\/\/staging.nationalpardon.org\/?p=11749#primaryimage"},"image":{"@id":"https:\/\/staging.nationalpardon.org\/?p=11749#primaryimage"},"thumbnailUrl":"","datePublished":"2014-09-30T13:30:07+00:00","author":{"@id":"https:\/\/staging.nationalpardon.org\/#\/schema\/person\/7d8875ab66fc730533e59e05d71b75ba"},"description":"Une partie du projet de loi omnibus du gouvernement Conservateur \u00e9tait des l\u00e9gislations qui ont chang\u00e9 les lois concernant le programme de Pardon au Canada.","breadcrumb":{"@id":"https:\/\/staging.nationalpardon.org\/?p=11749#breadcrumb"},"inLanguage":"en-CA","potentialAction":[{"@type":"ReadAction","target":["https:\/\/staging.nationalpardon.org\/?p=11749"]}]},{"@type":"ImageObject","inLanguage":"en-CA","@id":"https:\/\/staging.nationalpardon.org\/?p=11749#primaryimage","url":"","contentUrl":""},{"@type":"BreadcrumbList","@id":"https:\/\/staging.nationalpardon.org\/?p=11749#breadcrumb","itemListElement":[{"@type":"ListItem","position":1,"name":"Home","item":"https:\/\/staging.nationalpardon.org\/"},{"@type":"ListItem","position":2,"name":"D\u00e9consid\u00e9rer l\u2019administration de la justice"}]},{"@type":"WebSite","@id":"https:\/\/staging.nationalpardon.org\/#website","url":"https:\/\/staging.nationalpardon.org\/","name":"staging.nationalpardon.org","description":"","potentialAction":[{"@type":"SearchAction","target":{"@type":"EntryPoint","urlTemplate":"https:\/\/staging.nationalpardon.org\/?s={search_term_string}"},"query-input":{"@type":"PropertyValueSpecification","valueRequired":true,"valueName":"search_term_string"}}],"inLanguage":"en-CA"},{"@type":"Person","@id":"https:\/\/staging.nationalpardon.org\/#\/schema\/person\/7d8875ab66fc730533e59e05d71b75ba","name":"National Pardon","image":{"@type":"ImageObject","inLanguage":"en-CA","@id":"https:\/\/secure.gravatar.com\/avatar\/d55e3ad3ac775d0424d0fabd5ee073c9b71cd7bd352610bb4cc4ff574dc748fe?s=96&d=mm&r=g","url":"https:\/\/secure.gravatar.com\/avatar\/d55e3ad3ac775d0424d0fabd5ee073c9b71cd7bd352610bb4cc4ff574dc748fe?s=96&d=mm&r=g","contentUrl":"https:\/\/secure.gravatar.com\/avatar\/d55e3ad3ac775d0424d0fabd5ee073c9b71cd7bd352610bb4cc4ff574dc748fe?s=96&d=mm&r=g","caption":"National Pardon"},"url":"https:\/\/staging.nationalpardon.org\/?author=2"}]}},"_links":{"self":[{"href":"https:\/\/staging.nationalpardon.org\/index.php?rest_route=\/wp\/v2\/posts\/11749","targetHints":{"allow":["GET"]}}],"collection":[{"href":"https:\/\/staging.nationalpardon.org\/index.php?rest_route=\/wp\/v2\/posts"}],"about":[{"href":"https:\/\/staging.nationalpardon.org\/index.php?rest_route=\/wp\/v2\/types\/post"}],"author":[{"embeddable":true,"href":"https:\/\/staging.nationalpardon.org\/index.php?rest_route=\/wp\/v2\/users\/2"}],"replies":[{"embeddable":true,"href":"https:\/\/staging.nationalpardon.org\/index.php?rest_route=%2Fwp%2Fv2%2Fcomments&post=11749"}],"version-history":[{"count":0,"href":"https:\/\/staging.nationalpardon.org\/index.php?rest_route=\/wp\/v2\/posts\/11749\/revisions"}],"wp:featuredmedia":[{"embeddable":true,"href":"https:\/\/staging.nationalpardon.org\/index.php?rest_route=\/"}],"wp:attachment":[{"href":"https:\/\/staging.nationalpardon.org\/index.php?rest_route=%2Fwp%2Fv2%2Fmedia&parent=11749"}],"wp:term":[{"taxonomy":"category","embeddable":true,"href":"https:\/\/staging.nationalpardon.org\/index.php?rest_route=%2Fwp%2Fv2%2Fcategories&post=11749"},{"taxonomy":"post_tag","embeddable":true,"href":"https:\/\/staging.nationalpardon.org\/index.php?rest_route=%2Fwp%2Fv2%2Ftags&post=11749"}],"curies":[{"name":"wp","href":"https:\/\/api.w.org\/{rel}","templated":true}]}}