{"id":12808,"date":"2015-03-31T13:41:42","date_gmt":"2015-03-31T13:41:42","guid":{"rendered":"http:\/\/www.nationalpardon.org\/?p=12808"},"modified":"2015-03-31T13:41:42","modified_gmt":"2015-03-31T13:41:42","slug":"temoignages-de-larriere-de-travail-1","status":"publish","type":"post","link":"https:\/\/staging.nationalpardon.org\/?p=12808","title":{"rendered":"T\u00e9moignages de l\u2019arri\u00e9r\u00e9 de travail #1"},"content":{"rendered":"<p>Le courriel suivant a \u00e9t\u00e9 \u00e9crit par une victime des cons\u00e9quences du projet de loi contre la criminalit\u00e9 du gouvernement Harper. Nous pr\u00e9voyons publier le plus d\u2019entr\u00e9es possible de ce genre. Si vous souhaitez y ajouter votre histoire, veuillez nous envoyer un courriel \u00e0 <a href=\"mailto:info@nationalpardon.org\">info@nationalpardon.org<\/a><\/p>\n<p>Toutes les entr\u00e9es seront publi\u00e9es \u00e0 l\u2019anonyme, \u00e0 moins qu\u2019une requ\u00eate au contraire soit soumise.<\/p>\n<p>Bonjour M. Asbhy,<\/p>\n<p>J\u2019ai lu avec attention votre texte sur le blogue du site du Centre du Pardon National intitul\u00e9 \u201cLes demandes de pardon et la CLCC\u201d. Je vous remercie d\u2019avoir pris une position sur cet amendement injuste.<\/p>\n<p>J\u2019ai moi m\u00eame \u00e9t\u00e9 condamn\u00e9, il y a aujourd\u2019hui 9 ans, \u00e0 une sentence de prison pour un crime que je regrette sans cesse. Ma sentence s\u2019est termin\u00e9 en 2010 et th\u00e9oriquement, j\u2019aurais eu le droit \u00e0 compl\u00e9ter une demande de pardon d\u00e8s juillet 2015. La r\u00e9troactivit\u00e9 de cette loi a boulevers\u00e9 mes plans.<\/p>\n<p>Depuis ma sortie de prison en 2008, j\u2019ai compl\u00e9t\u00e9 avec brio un Baccalaur\u00e9at. Dans environ 2 mois, je compl\u00e8terais une ma\u00eetrise en architecture avec brio encore une fois. Entre temps, j\u2019ai travaill\u00e9 au sein d\u2019entreprises \u00e0 grandes r\u00e9putations : Costco Wholesale, Quebecor Media et Fairmont Hotels and Resorts. J\u2019ai r\u00e9ussi \u00e0 bien me d\u00e9brouiller.<\/p>\n<p>J\u2019aurais pr\u00e9f\u00e9r\u00e9 recommencer ma nouvelle vie avec un pardon mais je dois attendre un autre 5 ans au minimum pour amorcer ces \u00e9tapes. Je dois m\u2019exiler \u00e0 l\u2019\u00e9tranger pour de l\u2019emploi. J\u2019ai eu plusieurs offres d\u2019embauches au Qu\u00e9bec mais les plus prometteuses, ceux qui ne regardent pas le dossier, sont tous \u00e0 l\u2019\u00e9tranger et je dois malheureusement m\u2019\u00e9clipser pour travailler. Je suis jeune et je trouve que c\u2019est une belle opportunit\u00e9 de voyager, de d\u00e9couvrir le monde et de gagner de l\u2019exp\u00e9rience internationale. Sommes toute, ce n\u2019est pas une excuse et c\u2019est injuste de devoir agir ainsi.<\/p>\n<p>J\u2019aimerais savoir si vous \u00eates au courant si des groupes, individus porteront cette loi devant les tribunaux, et si oui, quelles sont les derni\u00e8res nouvelles. Je n\u2019ai certainement pas les moyens de mener ce combat seul mais je suis d\u2019avis que ma voix peut s\u2019ajouter \u00e0 ceux qui combattent ce pr\u00e9judice, s\u2019il y a lieu.<\/p>\n<p>Je vous remercie sinc\u00e8rement de l\u2019attention que vous saurez porter \u00e0 ce courriel,<\/p>\n<p>En vous souhaitant une bonne journ\u00e9e,<\/p>\n<p>Cordialement,<\/p>\n<p>A<\/p>\n","protected":false},"excerpt":{"rendered":"<p>Le courriel suivant a \u00e9t\u00e9 \u00e9crit par une victime des cons\u00e9quences du projet de loi contre la criminalit\u00e9 du gouvernement Harper. Nous pr\u00e9voyons publier le plus d\u2019entr\u00e9es possible de ce genre. Si vous souhaitez y ajouter votre histoire, veuillez nous envoyer un courriel \u00e0 info@nationalpardon.org Toutes les entr\u00e9es seront publi\u00e9es \u00e0 l\u2019anonyme, \u00e0 moins qu\u2019une [&hellip;]<\/p>\n","protected":false},"author":2,"featured_media":17030,"comment_status":"open","ping_status":"open","sticky":false,"template":"","format":"standard","meta":{"footnotes":""},"categories":[59],"tags":[],"class_list":["post-12808","post","type-post","status-publish","format-standard","has-post-thumbnail","hentry","category-suspension-du-casier-judiciaire"],"yoast_head":"<!-- This site is optimized with the Yoast SEO plugin v27.4 - https:\/\/yoast.com\/product\/yoast-seo-wordpress\/ -->\n<title>T\u00e9moignages de l\u2019arri\u00e9r\u00e9 de travail #1 - staging.nationalpardon.org<\/title>\n<meta name=\"robots\" content=\"noindex, follow, max-snippet:-1, max-image-preview:large, max-video-preview:-1\" \/>\n<meta property=\"og:locale\" content=\"en_US\" \/>\n<meta property=\"og:type\" content=\"article\" \/>\n<meta property=\"og:title\" content=\"T\u00e9moignages de l\u2019arri\u00e9r\u00e9 de travail #1 - staging.nationalpardon.org\" \/>\n<meta property=\"og:description\" content=\"Le courriel suivant a \u00e9t\u00e9 \u00e9crit par une victime des cons\u00e9quences du projet de loi contre la criminalit\u00e9 du gouvernement Harper. Nous pr\u00e9voyons publier le plus d\u2019entr\u00e9es possible de ce genre. Si vous souhaitez y ajouter votre histoire, veuillez nous envoyer un courriel \u00e0 info@nationalpardon.org Toutes les entr\u00e9es seront publi\u00e9es \u00e0 l\u2019anonyme, \u00e0 moins qu\u2019une [&hellip;]\" \/>\n<meta property=\"og:url\" content=\"https:\/\/staging.nationalpardon.org\/?p=12808\" \/>\n<meta property=\"og:site_name\" content=\"staging.nationalpardon.org\" \/>\n<meta property=\"article:published_time\" content=\"2015-03-31T13:41:42+00:00\" \/>\n<meta name=\"author\" content=\"National Pardon\" \/>\n<meta name=\"twitter:card\" content=\"summary_large_image\" \/>\n<meta name=\"twitter:label1\" content=\"Written by\" \/>\n\t<meta name=\"twitter:data1\" content=\"National Pardon\" \/>\n\t<meta name=\"twitter:label2\" content=\"Est. reading time\" \/>\n\t<meta name=\"twitter:data2\" content=\"2 minutes\" \/>\n<script type=\"application\/ld+json\" class=\"yoast-schema-graph\">{\"@context\":\"https:\\\/\\\/schema.org\",\"@graph\":[{\"@type\":\"Article\",\"@id\":\"https:\\\/\\\/staging.nationalpardon.org\\\/?p=12808#article\",\"isPartOf\":{\"@id\":\"https:\\\/\\\/staging.nationalpardon.org\\\/?p=12808\"},\"author\":{\"name\":\"National Pardon\",\"@id\":\"https:\\\/\\\/staging.nationalpardon.org\\\/#\\\/schema\\\/person\\\/7d8875ab66fc730533e59e05d71b75ba\"},\"headline\":\"T\u00e9moignages de l\u2019arri\u00e9r\u00e9 de travail #1\",\"datePublished\":\"2015-03-31T13:41:42+00:00\",\"mainEntityOfPage\":{\"@id\":\"https:\\\/\\\/staging.nationalpardon.org\\\/?p=12808\"},\"wordCount\":429,\"commentCount\":0,\"image\":{\"@id\":\"https:\\\/\\\/staging.nationalpardon.org\\\/?p=12808#primaryimage\"},\"thumbnailUrl\":\"\",\"articleSection\":[\"Suspension du casier judiciaire\"],\"inLanguage\":\"en-CA\",\"potentialAction\":[{\"@type\":\"CommentAction\",\"name\":\"Comment\",\"target\":[\"https:\\\/\\\/staging.nationalpardon.org\\\/?p=12808#respond\"]}]},{\"@type\":\"WebPage\",\"@id\":\"https:\\\/\\\/staging.nationalpardon.org\\\/?p=12808\",\"url\":\"https:\\\/\\\/staging.nationalpardon.org\\\/?p=12808\",\"name\":\"T\u00e9moignages de l\u2019arri\u00e9r\u00e9 de travail #1 - staging.nationalpardon.org\",\"isPartOf\":{\"@id\":\"https:\\\/\\\/staging.nationalpardon.org\\\/#website\"},\"primaryImageOfPage\":{\"@id\":\"https:\\\/\\\/staging.nationalpardon.org\\\/?p=12808#primaryimage\"},\"image\":{\"@id\":\"https:\\\/\\\/staging.nationalpardon.org\\\/?p=12808#primaryimage\"},\"thumbnailUrl\":\"\",\"datePublished\":\"2015-03-31T13:41:42+00:00\",\"author\":{\"@id\":\"https:\\\/\\\/staging.nationalpardon.org\\\/#\\\/schema\\\/person\\\/7d8875ab66fc730533e59e05d71b75ba\"},\"breadcrumb\":{\"@id\":\"https:\\\/\\\/staging.nationalpardon.org\\\/?p=12808#breadcrumb\"},\"inLanguage\":\"en-CA\",\"potentialAction\":[{\"@type\":\"ReadAction\",\"target\":[\"https:\\\/\\\/staging.nationalpardon.org\\\/?p=12808\"]}]},{\"@type\":\"ImageObject\",\"inLanguage\":\"en-CA\",\"@id\":\"https:\\\/\\\/staging.nationalpardon.org\\\/?p=12808#primaryimage\",\"url\":\"\",\"contentUrl\":\"\"},{\"@type\":\"BreadcrumbList\",\"@id\":\"https:\\\/\\\/staging.nationalpardon.org\\\/?p=12808#breadcrumb\",\"itemListElement\":[{\"@type\":\"ListItem\",\"position\":1,\"name\":\"Home\",\"item\":\"https:\\\/\\\/staging.nationalpardon.org\\\/\"},{\"@type\":\"ListItem\",\"position\":2,\"name\":\"T\u00e9moignages de l\u2019arri\u00e9r\u00e9 de travail #1\"}]},{\"@type\":\"WebSite\",\"@id\":\"https:\\\/\\\/staging.nationalpardon.org\\\/#website\",\"url\":\"https:\\\/\\\/staging.nationalpardon.org\\\/\",\"name\":\"staging.nationalpardon.org\",\"description\":\"\",\"potentialAction\":[{\"@type\":\"SearchAction\",\"target\":{\"@type\":\"EntryPoint\",\"urlTemplate\":\"https:\\\/\\\/staging.nationalpardon.org\\\/?s={search_term_string}\"},\"query-input\":{\"@type\":\"PropertyValueSpecification\",\"valueRequired\":true,\"valueName\":\"search_term_string\"}}],\"inLanguage\":\"en-CA\"},{\"@type\":\"Person\",\"@id\":\"https:\\\/\\\/staging.nationalpardon.org\\\/#\\\/schema\\\/person\\\/7d8875ab66fc730533e59e05d71b75ba\",\"name\":\"National Pardon\",\"image\":{\"@type\":\"ImageObject\",\"inLanguage\":\"en-CA\",\"@id\":\"https:\\\/\\\/secure.gravatar.com\\\/avatar\\\/d55e3ad3ac775d0424d0fabd5ee073c9b71cd7bd352610bb4cc4ff574dc748fe?s=96&d=mm&r=g\",\"url\":\"https:\\\/\\\/secure.gravatar.com\\\/avatar\\\/d55e3ad3ac775d0424d0fabd5ee073c9b71cd7bd352610bb4cc4ff574dc748fe?s=96&d=mm&r=g\",\"contentUrl\":\"https:\\\/\\\/secure.gravatar.com\\\/avatar\\\/d55e3ad3ac775d0424d0fabd5ee073c9b71cd7bd352610bb4cc4ff574dc748fe?s=96&d=mm&r=g\",\"caption\":\"National Pardon\"},\"url\":\"https:\\\/\\\/staging.nationalpardon.org\\\/?author=2\"}]}<\/script>\n<!-- \/ Yoast SEO plugin. -->","yoast_head_json":{"title":"T\u00e9moignages de l\u2019arri\u00e9r\u00e9 de travail #1 - staging.nationalpardon.org","robots":{"index":"noindex","follow":"follow","max-snippet":"max-snippet:-1","max-image-preview":"max-image-preview:large","max-video-preview":"max-video-preview:-1"},"og_locale":"en_US","og_type":"article","og_title":"T\u00e9moignages de l\u2019arri\u00e9r\u00e9 de travail #1 - staging.nationalpardon.org","og_description":"Le courriel suivant a \u00e9t\u00e9 \u00e9crit par une victime des cons\u00e9quences du projet de loi contre la criminalit\u00e9 du gouvernement Harper. Nous pr\u00e9voyons publier le plus d\u2019entr\u00e9es possible de ce genre. Si vous souhaitez y ajouter votre histoire, veuillez nous envoyer un courriel \u00e0 info@nationalpardon.org Toutes les entr\u00e9es seront publi\u00e9es \u00e0 l\u2019anonyme, \u00e0 moins qu\u2019une [&hellip;]","og_url":"https:\/\/staging.nationalpardon.org\/?p=12808","og_site_name":"staging.nationalpardon.org","article_published_time":"2015-03-31T13:41:42+00:00","author":"National Pardon","twitter_card":"summary_large_image","twitter_misc":{"Written by":"National Pardon","Est. reading time":"2 minutes"},"schema":{"@context":"https:\/\/schema.org","@graph":[{"@type":"Article","@id":"https:\/\/staging.nationalpardon.org\/?p=12808#article","isPartOf":{"@id":"https:\/\/staging.nationalpardon.org\/?p=12808"},"author":{"name":"National Pardon","@id":"https:\/\/staging.nationalpardon.org\/#\/schema\/person\/7d8875ab66fc730533e59e05d71b75ba"},"headline":"T\u00e9moignages de l\u2019arri\u00e9r\u00e9 de travail #1","datePublished":"2015-03-31T13:41:42+00:00","mainEntityOfPage":{"@id":"https:\/\/staging.nationalpardon.org\/?p=12808"},"wordCount":429,"commentCount":0,"image":{"@id":"https:\/\/staging.nationalpardon.org\/?p=12808#primaryimage"},"thumbnailUrl":"","articleSection":["Suspension du casier judiciaire"],"inLanguage":"en-CA","potentialAction":[{"@type":"CommentAction","name":"Comment","target":["https:\/\/staging.nationalpardon.org\/?p=12808#respond"]}]},{"@type":"WebPage","@id":"https:\/\/staging.nationalpardon.org\/?p=12808","url":"https:\/\/staging.nationalpardon.org\/?p=12808","name":"T\u00e9moignages de l\u2019arri\u00e9r\u00e9 de travail #1 - staging.nationalpardon.org","isPartOf":{"@id":"https:\/\/staging.nationalpardon.org\/#website"},"primaryImageOfPage":{"@id":"https:\/\/staging.nationalpardon.org\/?p=12808#primaryimage"},"image":{"@id":"https:\/\/staging.nationalpardon.org\/?p=12808#primaryimage"},"thumbnailUrl":"","datePublished":"2015-03-31T13:41:42+00:00","author":{"@id":"https:\/\/staging.nationalpardon.org\/#\/schema\/person\/7d8875ab66fc730533e59e05d71b75ba"},"breadcrumb":{"@id":"https:\/\/staging.nationalpardon.org\/?p=12808#breadcrumb"},"inLanguage":"en-CA","potentialAction":[{"@type":"ReadAction","target":["https:\/\/staging.nationalpardon.org\/?p=12808"]}]},{"@type":"ImageObject","inLanguage":"en-CA","@id":"https:\/\/staging.nationalpardon.org\/?p=12808#primaryimage","url":"","contentUrl":""},{"@type":"BreadcrumbList","@id":"https:\/\/staging.nationalpardon.org\/?p=12808#breadcrumb","itemListElement":[{"@type":"ListItem","position":1,"name":"Home","item":"https:\/\/staging.nationalpardon.org\/"},{"@type":"ListItem","position":2,"name":"T\u00e9moignages de l\u2019arri\u00e9r\u00e9 de travail #1"}]},{"@type":"WebSite","@id":"https:\/\/staging.nationalpardon.org\/#website","url":"https:\/\/staging.nationalpardon.org\/","name":"staging.nationalpardon.org","description":"","potentialAction":[{"@type":"SearchAction","target":{"@type":"EntryPoint","urlTemplate":"https:\/\/staging.nationalpardon.org\/?s={search_term_string}"},"query-input":{"@type":"PropertyValueSpecification","valueRequired":true,"valueName":"search_term_string"}}],"inLanguage":"en-CA"},{"@type":"Person","@id":"https:\/\/staging.nationalpardon.org\/#\/schema\/person\/7d8875ab66fc730533e59e05d71b75ba","name":"National Pardon","image":{"@type":"ImageObject","inLanguage":"en-CA","@id":"https:\/\/secure.gravatar.com\/avatar\/d55e3ad3ac775d0424d0fabd5ee073c9b71cd7bd352610bb4cc4ff574dc748fe?s=96&d=mm&r=g","url":"https:\/\/secure.gravatar.com\/avatar\/d55e3ad3ac775d0424d0fabd5ee073c9b71cd7bd352610bb4cc4ff574dc748fe?s=96&d=mm&r=g","contentUrl":"https:\/\/secure.gravatar.com\/avatar\/d55e3ad3ac775d0424d0fabd5ee073c9b71cd7bd352610bb4cc4ff574dc748fe?s=96&d=mm&r=g","caption":"National Pardon"},"url":"https:\/\/staging.nationalpardon.org\/?author=2"}]}},"_links":{"self":[{"href":"https:\/\/staging.nationalpardon.org\/index.php?rest_route=\/wp\/v2\/posts\/12808","targetHints":{"allow":["GET"]}}],"collection":[{"href":"https:\/\/staging.nationalpardon.org\/index.php?rest_route=\/wp\/v2\/posts"}],"about":[{"href":"https:\/\/staging.nationalpardon.org\/index.php?rest_route=\/wp\/v2\/types\/post"}],"author":[{"embeddable":true,"href":"https:\/\/staging.nationalpardon.org\/index.php?rest_route=\/wp\/v2\/users\/2"}],"replies":[{"embeddable":true,"href":"https:\/\/staging.nationalpardon.org\/index.php?rest_route=%2Fwp%2Fv2%2Fcomments&post=12808"}],"version-history":[{"count":0,"href":"https:\/\/staging.nationalpardon.org\/index.php?rest_route=\/wp\/v2\/posts\/12808\/revisions"}],"wp:featuredmedia":[{"embeddable":true,"href":"https:\/\/staging.nationalpardon.org\/index.php?rest_route=\/"}],"wp:attachment":[{"href":"https:\/\/staging.nationalpardon.org\/index.php?rest_route=%2Fwp%2Fv2%2Fmedia&parent=12808"}],"wp:term":[{"taxonomy":"category","embeddable":true,"href":"https:\/\/staging.nationalpardon.org\/index.php?rest_route=%2Fwp%2Fv2%2Fcategories&post=12808"},{"taxonomy":"post_tag","embeddable":true,"href":"https:\/\/staging.nationalpardon.org\/index.php?rest_route=%2Fwp%2Fv2%2Ftags&post=12808"}],"curies":[{"name":"wp","href":"https:\/\/api.w.org\/{rel}","templated":true}]}}