{"id":13833,"date":"2015-11-17T19:41:52","date_gmt":"2015-11-17T19:41:52","guid":{"rendered":"https:\/\/nationalpardon.org\/?p=13833"},"modified":"2015-11-17T19:41:52","modified_gmt":"2015-11-17T19:41:52","slug":"mise-a-jour-la-politique-liberale-sur-les-pardons","status":"publish","type":"post","link":"https:\/\/staging.nationalpardon.org\/?p=13833","title":{"rendered":"Mise \u00e0 jour: la politique lib\u00e9ral sur les pardons"},"content":{"rendered":"<p>J\u2019ai eu une rencontre avec <a href=\"http:\/\/marcgarneau.liberal.ca\/\">Marc Garneau<\/a>, qui est le d\u00e9put\u00e9 lib\u00e9ral dans la circonscription o\u00f9 je vis. Bien s\u00fbr, M. Garneau est le ministre des Transports de sorte que le sujet ne soit pas son domaine d&#8217;expertise. Mais il est aussi un homme exceptionnellement brillant et il a compris exactement pourquoi les changements que nous souhaitons discuter pourraient b\u00e9n\u00e9ficier les Canadiens.<\/p>\n<p>Ce fut une rencontre positive. Il nous a assur\u00e9, Nicole et moi, qu\u2019en principe, le gouvernement lib\u00e9ral est en acore avec les changements que nous souhaitons apporter. Ce sont de bonnes nouvelles, bien s\u00fbr, mais il n\u2019\u00e9tait pas certain si c\u2019\u00e9tait quelque chose qui serait mentionn\u00e9 \u00e0 l&#8217;ordre du jour imm\u00e9diat. Rien de tout cela est surprenant.<\/p>\n<p>La r\u00e9union a pris fin avec M. Garneau offrant ses conseils sur la fa\u00e7on de communiquer avec le ministre de la Justice sur ce propos, ce que j\u2019ai appr\u00e9ci\u00e9 et que j&#8217;ai fait depuis.<\/p>\n<p>J\u2019ai re\u00e7u une r\u00e9ponse tr\u00e8s rapide de la part du bureau du ministre de la justice. Mais il indique seulement ce que je savais d\u00e9j\u00e0, qu&#8217;elle a beaucoup de dossier sur le quel elle travaille:<\/p>\n<p>Nous vous remercions pour votre message. Nous avons actuellement un volume de courriels tr\u00e8s \u00e9lev\u00e9, et nous vous remercions pour votre patience durant cette transition. Un membre de TeamJody vous rejoindra d\u00e8s que possible.<\/p>\n<p>Donc, nous n\u2019avons toujours pas de nouvelles \u00e0 signaler pour le moment. Mais rassurez-vous que nous travaillons sur ce dossier afin de faire avancer les choses. Alors restez \u00e0 l&#8217;\u00e9coute.<\/p>\n<p>Et merci \u00e0 M. Garneau pour nous avoir offerts ses conseils.<\/p>\n<p>Michael Ashby<\/p>\n","protected":false},"excerpt":{"rendered":"<p>J\u2019ai eu une rencontre avec Marc Garneau, qui est le d\u00e9put\u00e9 lib\u00e9ral dans la circonscription o\u00f9 je vis. Bien s\u00fbr, M. Garneau est le ministre des Transports de sorte que le sujet ne soit pas son domaine d&#8217;expertise. Mais il est aussi un homme exceptionnellement brillant et il a compris exactement pourquoi les changements que [&hellip;]<\/p>\n","protected":false},"author":2,"featured_media":17030,"comment_status":"open","ping_status":"open","sticky":false,"template":"","format":"standard","meta":{"footnotes":""},"categories":[26],"tags":[],"class_list":["post-13833","post","type-post","status-publish","format-standard","has-post-thumbnail","hentry","category-empreintes-2"],"yoast_head":"<!-- This site is optimized with the Yoast SEO plugin v27.4 - https:\/\/yoast.com\/product\/yoast-seo-wordpress\/ -->\n<title>La politique lib\u00e9ral sur les pardons | Centre du pardon national<\/title>\n<meta name=\"robots\" content=\"noindex, follow, max-snippet:-1, max-image-preview:large, max-video-preview:-1\" \/>\n<meta property=\"og:locale\" content=\"en_US\" \/>\n<meta property=\"og:type\" content=\"article\" \/>\n<meta property=\"og:title\" content=\"La politique lib\u00e9ral sur les pardons | Centre du pardon national\" \/>\n<meta property=\"og:description\" content=\"J\u2019ai eu une rencontre avec Marc Garneau, qui est le d\u00e9put\u00e9 lib\u00e9ral dans la circonscription o\u00f9 je vis. Bien s\u00fbr, M. Garneau est le ministre des Transports de sorte que le sujet ne soit pas son domaine d&#8217;expertise. Mais il est aussi un homme exceptionnellement brillant et il a compris exactement pourquoi les changements que [&hellip;]\" \/>\n<meta property=\"og:url\" content=\"https:\/\/staging.nationalpardon.org\/?p=13833\" \/>\n<meta property=\"og:site_name\" content=\"staging.nationalpardon.org\" \/>\n<meta property=\"article:published_time\" content=\"2015-11-17T19:41:52+00:00\" \/>\n<meta name=\"author\" content=\"National Pardon\" \/>\n<meta name=\"twitter:card\" content=\"summary_large_image\" \/>\n<meta name=\"twitter:label1\" content=\"Written by\" \/>\n\t<meta name=\"twitter:data1\" content=\"National Pardon\" \/>\n\t<meta name=\"twitter:label2\" content=\"Est. reading time\" \/>\n\t<meta name=\"twitter:data2\" content=\"1 minute\" \/>\n<script type=\"application\/ld+json\" class=\"yoast-schema-graph\">{\"@context\":\"https:\\\/\\\/schema.org\",\"@graph\":[{\"@type\":\"Article\",\"@id\":\"https:\\\/\\\/staging.nationalpardon.org\\\/?p=13833#article\",\"isPartOf\":{\"@id\":\"https:\\\/\\\/staging.nationalpardon.org\\\/?p=13833\"},\"author\":{\"name\":\"National Pardon\",\"@id\":\"https:\\\/\\\/staging.nationalpardon.org\\\/#\\\/schema\\\/person\\\/7d8875ab66fc730533e59e05d71b75ba\"},\"headline\":\"Mise \u00e0 jour: la politique lib\u00e9ral sur les pardons\",\"datePublished\":\"2015-11-17T19:41:52+00:00\",\"mainEntityOfPage\":{\"@id\":\"https:\\\/\\\/staging.nationalpardon.org\\\/?p=13833\"},\"wordCount\":299,\"commentCount\":2,\"image\":{\"@id\":\"https:\\\/\\\/staging.nationalpardon.org\\\/?p=13833#primaryimage\"},\"thumbnailUrl\":\"\",\"articleSection\":[\"Empreintes\"],\"inLanguage\":\"en-CA\",\"potentialAction\":[{\"@type\":\"CommentAction\",\"name\":\"Comment\",\"target\":[\"https:\\\/\\\/staging.nationalpardon.org\\\/?p=13833#respond\"]}]},{\"@type\":\"WebPage\",\"@id\":\"https:\\\/\\\/staging.nationalpardon.org\\\/?p=13833\",\"url\":\"https:\\\/\\\/staging.nationalpardon.org\\\/?p=13833\",\"name\":\"La politique lib\u00e9ral sur les pardons | Centre du pardon national\",\"isPartOf\":{\"@id\":\"https:\\\/\\\/staging.nationalpardon.org\\\/#website\"},\"primaryImageOfPage\":{\"@id\":\"https:\\\/\\\/staging.nationalpardon.org\\\/?p=13833#primaryimage\"},\"image\":{\"@id\":\"https:\\\/\\\/staging.nationalpardon.org\\\/?p=13833#primaryimage\"},\"thumbnailUrl\":\"\",\"datePublished\":\"2015-11-17T19:41:52+00:00\",\"author\":{\"@id\":\"https:\\\/\\\/staging.nationalpardon.org\\\/#\\\/schema\\\/person\\\/7d8875ab66fc730533e59e05d71b75ba\"},\"breadcrumb\":{\"@id\":\"https:\\\/\\\/staging.nationalpardon.org\\\/?p=13833#breadcrumb\"},\"inLanguage\":\"en-CA\",\"potentialAction\":[{\"@type\":\"ReadAction\",\"target\":[\"https:\\\/\\\/staging.nationalpardon.org\\\/?p=13833\"]}]},{\"@type\":\"ImageObject\",\"inLanguage\":\"en-CA\",\"@id\":\"https:\\\/\\\/staging.nationalpardon.org\\\/?p=13833#primaryimage\",\"url\":\"\",\"contentUrl\":\"\"},{\"@type\":\"BreadcrumbList\",\"@id\":\"https:\\\/\\\/staging.nationalpardon.org\\\/?p=13833#breadcrumb\",\"itemListElement\":[{\"@type\":\"ListItem\",\"position\":1,\"name\":\"Home\",\"item\":\"https:\\\/\\\/staging.nationalpardon.org\\\/\"},{\"@type\":\"ListItem\",\"position\":2,\"name\":\"Mise \u00e0 jour: la politique lib\u00e9ral sur les pardons\"}]},{\"@type\":\"WebSite\",\"@id\":\"https:\\\/\\\/staging.nationalpardon.org\\\/#website\",\"url\":\"https:\\\/\\\/staging.nationalpardon.org\\\/\",\"name\":\"staging.nationalpardon.org\",\"description\":\"\",\"potentialAction\":[{\"@type\":\"SearchAction\",\"target\":{\"@type\":\"EntryPoint\",\"urlTemplate\":\"https:\\\/\\\/staging.nationalpardon.org\\\/?s={search_term_string}\"},\"query-input\":{\"@type\":\"PropertyValueSpecification\",\"valueRequired\":true,\"valueName\":\"search_term_string\"}}],\"inLanguage\":\"en-CA\"},{\"@type\":\"Person\",\"@id\":\"https:\\\/\\\/staging.nationalpardon.org\\\/#\\\/schema\\\/person\\\/7d8875ab66fc730533e59e05d71b75ba\",\"name\":\"National Pardon\",\"image\":{\"@type\":\"ImageObject\",\"inLanguage\":\"en-CA\",\"@id\":\"https:\\\/\\\/secure.gravatar.com\\\/avatar\\\/d55e3ad3ac775d0424d0fabd5ee073c9b71cd7bd352610bb4cc4ff574dc748fe?s=96&d=mm&r=g\",\"url\":\"https:\\\/\\\/secure.gravatar.com\\\/avatar\\\/d55e3ad3ac775d0424d0fabd5ee073c9b71cd7bd352610bb4cc4ff574dc748fe?s=96&d=mm&r=g\",\"contentUrl\":\"https:\\\/\\\/secure.gravatar.com\\\/avatar\\\/d55e3ad3ac775d0424d0fabd5ee073c9b71cd7bd352610bb4cc4ff574dc748fe?s=96&d=mm&r=g\",\"caption\":\"National Pardon\"},\"url\":\"https:\\\/\\\/staging.nationalpardon.org\\\/?author=2\"}]}<\/script>\n<!-- \/ Yoast SEO plugin. -->","yoast_head_json":{"title":"La politique lib\u00e9ral sur les pardons | Centre du pardon national","robots":{"index":"noindex","follow":"follow","max-snippet":"max-snippet:-1","max-image-preview":"max-image-preview:large","max-video-preview":"max-video-preview:-1"},"og_locale":"en_US","og_type":"article","og_title":"La politique lib\u00e9ral sur les pardons | Centre du pardon national","og_description":"J\u2019ai eu une rencontre avec Marc Garneau, qui est le d\u00e9put\u00e9 lib\u00e9ral dans la circonscription o\u00f9 je vis. Bien s\u00fbr, M. Garneau est le ministre des Transports de sorte que le sujet ne soit pas son domaine d&#8217;expertise. Mais il est aussi un homme exceptionnellement brillant et il a compris exactement pourquoi les changements que [&hellip;]","og_url":"https:\/\/staging.nationalpardon.org\/?p=13833","og_site_name":"staging.nationalpardon.org","article_published_time":"2015-11-17T19:41:52+00:00","author":"National Pardon","twitter_card":"summary_large_image","twitter_misc":{"Written by":"National Pardon","Est. reading time":"1 minute"},"schema":{"@context":"https:\/\/schema.org","@graph":[{"@type":"Article","@id":"https:\/\/staging.nationalpardon.org\/?p=13833#article","isPartOf":{"@id":"https:\/\/staging.nationalpardon.org\/?p=13833"},"author":{"name":"National Pardon","@id":"https:\/\/staging.nationalpardon.org\/#\/schema\/person\/7d8875ab66fc730533e59e05d71b75ba"},"headline":"Mise \u00e0 jour: la politique lib\u00e9ral sur les pardons","datePublished":"2015-11-17T19:41:52+00:00","mainEntityOfPage":{"@id":"https:\/\/staging.nationalpardon.org\/?p=13833"},"wordCount":299,"commentCount":2,"image":{"@id":"https:\/\/staging.nationalpardon.org\/?p=13833#primaryimage"},"thumbnailUrl":"","articleSection":["Empreintes"],"inLanguage":"en-CA","potentialAction":[{"@type":"CommentAction","name":"Comment","target":["https:\/\/staging.nationalpardon.org\/?p=13833#respond"]}]},{"@type":"WebPage","@id":"https:\/\/staging.nationalpardon.org\/?p=13833","url":"https:\/\/staging.nationalpardon.org\/?p=13833","name":"La politique lib\u00e9ral sur les pardons | Centre du pardon national","isPartOf":{"@id":"https:\/\/staging.nationalpardon.org\/#website"},"primaryImageOfPage":{"@id":"https:\/\/staging.nationalpardon.org\/?p=13833#primaryimage"},"image":{"@id":"https:\/\/staging.nationalpardon.org\/?p=13833#primaryimage"},"thumbnailUrl":"","datePublished":"2015-11-17T19:41:52+00:00","author":{"@id":"https:\/\/staging.nationalpardon.org\/#\/schema\/person\/7d8875ab66fc730533e59e05d71b75ba"},"breadcrumb":{"@id":"https:\/\/staging.nationalpardon.org\/?p=13833#breadcrumb"},"inLanguage":"en-CA","potentialAction":[{"@type":"ReadAction","target":["https:\/\/staging.nationalpardon.org\/?p=13833"]}]},{"@type":"ImageObject","inLanguage":"en-CA","@id":"https:\/\/staging.nationalpardon.org\/?p=13833#primaryimage","url":"","contentUrl":""},{"@type":"BreadcrumbList","@id":"https:\/\/staging.nationalpardon.org\/?p=13833#breadcrumb","itemListElement":[{"@type":"ListItem","position":1,"name":"Home","item":"https:\/\/staging.nationalpardon.org\/"},{"@type":"ListItem","position":2,"name":"Mise \u00e0 jour: la politique lib\u00e9ral sur les pardons"}]},{"@type":"WebSite","@id":"https:\/\/staging.nationalpardon.org\/#website","url":"https:\/\/staging.nationalpardon.org\/","name":"staging.nationalpardon.org","description":"","potentialAction":[{"@type":"SearchAction","target":{"@type":"EntryPoint","urlTemplate":"https:\/\/staging.nationalpardon.org\/?s={search_term_string}"},"query-input":{"@type":"PropertyValueSpecification","valueRequired":true,"valueName":"search_term_string"}}],"inLanguage":"en-CA"},{"@type":"Person","@id":"https:\/\/staging.nationalpardon.org\/#\/schema\/person\/7d8875ab66fc730533e59e05d71b75ba","name":"National Pardon","image":{"@type":"ImageObject","inLanguage":"en-CA","@id":"https:\/\/secure.gravatar.com\/avatar\/d55e3ad3ac775d0424d0fabd5ee073c9b71cd7bd352610bb4cc4ff574dc748fe?s=96&d=mm&r=g","url":"https:\/\/secure.gravatar.com\/avatar\/d55e3ad3ac775d0424d0fabd5ee073c9b71cd7bd352610bb4cc4ff574dc748fe?s=96&d=mm&r=g","contentUrl":"https:\/\/secure.gravatar.com\/avatar\/d55e3ad3ac775d0424d0fabd5ee073c9b71cd7bd352610bb4cc4ff574dc748fe?s=96&d=mm&r=g","caption":"National Pardon"},"url":"https:\/\/staging.nationalpardon.org\/?author=2"}]}},"_links":{"self":[{"href":"https:\/\/staging.nationalpardon.org\/index.php?rest_route=\/wp\/v2\/posts\/13833","targetHints":{"allow":["GET"]}}],"collection":[{"href":"https:\/\/staging.nationalpardon.org\/index.php?rest_route=\/wp\/v2\/posts"}],"about":[{"href":"https:\/\/staging.nationalpardon.org\/index.php?rest_route=\/wp\/v2\/types\/post"}],"author":[{"embeddable":true,"href":"https:\/\/staging.nationalpardon.org\/index.php?rest_route=\/wp\/v2\/users\/2"}],"replies":[{"embeddable":true,"href":"https:\/\/staging.nationalpardon.org\/index.php?rest_route=%2Fwp%2Fv2%2Fcomments&post=13833"}],"version-history":[{"count":0,"href":"https:\/\/staging.nationalpardon.org\/index.php?rest_route=\/wp\/v2\/posts\/13833\/revisions"}],"wp:featuredmedia":[{"embeddable":true,"href":"https:\/\/staging.nationalpardon.org\/index.php?rest_route=\/"}],"wp:attachment":[{"href":"https:\/\/staging.nationalpardon.org\/index.php?rest_route=%2Fwp%2Fv2%2Fmedia&parent=13833"}],"wp:term":[{"taxonomy":"category","embeddable":true,"href":"https:\/\/staging.nationalpardon.org\/index.php?rest_route=%2Fwp%2Fv2%2Fcategories&post=13833"},{"taxonomy":"post_tag","embeddable":true,"href":"https:\/\/staging.nationalpardon.org\/index.php?rest_route=%2Fwp%2Fv2%2Ftags&post=13833"}],"curies":[{"name":"wp","href":"https:\/\/api.w.org\/{rel}","templated":true}]}}