{"id":14389,"date":"2016-03-16T16:52:31","date_gmt":"2016-03-16T16:52:31","guid":{"rendered":"https:\/\/nationalpardon.org\/?p=14389"},"modified":"2016-03-16T16:52:31","modified_gmt":"2016-03-16T16:52:31","slug":"pardons-canadiens-susceptible-de-deconsiderer-ladministration-de-la-justice","status":"publish","type":"post","link":"https:\/\/staging.nationalpardon.org\/?p=14389","title":{"rendered":"Pardons canadiens \u2013 Susceptible de d\u00e9consid\u00e9rer l\u2019administration de la justice"},"content":{"rendered":"<p>Un des changements les plus probl\u00e9matiques impos\u00e9s par Harper avec la loi omnibus est que cette derni\u00e8re a accord\u00e9 le droit \u00e0 la Commission des lib\u00e9rations conditionnelles du Canada de refuser une demande de pardon pour quelque raison que ce soit. Sp\u00e9cifiquement, ou d\u00e9pendamment de comment on consid\u00e8re la question, la Commission peut refuser une demande de pardon si le dossier en question est \u00ab\u00a0susceptible de d\u00e9consid\u00e9rer l\u2019administration de la justice\u00a0\u00bb. Pas besoin d\u2019un avocat pour reconna\u00eetre que cette phrase est des plus vagues, soit sujette \u00e0 diverses interpr\u00e9tations, et n\u00e9cessite donc une clarification.<\/p>\n<p>Jusqu\u2019\u00e0 maintenant, la Commission pouvait refuser une demande comme bon lui semblait. Heureusement, une d\u00e9cision r\u00e9cente rendue par l\u2019Honorable Patrick Gleeson de la Cour f\u00e9d\u00e9rale du Canada, statuait que cette fa\u00e7on de faire de la Commission manquait de transparence et d\u2019intelligibilit\u00e9 et \u00e9tait en ce sens non raisonnable (\u00ab\u00a0lacks transparency and intelligibility and is unreasonable.\u00a0\u00bb) C\u2019est une excellente nouvelle.<\/p>\n<p>Nous avons parl\u00e9 de ce probl\u00e8me pr\u00e9c\u00e9demment ; consultez le lien ci-dessous. Nous croyons fortement que toute personne rencontrant les crit\u00e8res d\u2019admissibilit\u00e9 au pardon tel que d\u00e9termin\u00e9s par le code criminel devrait pouvoir b\u00e9n\u00e9ficier de cette opportunit\u00e9 et avoir sa chance.<\/p>\n<p>Malheureusement, ce n\u2019est pas en ce sens que la Commission a op\u00e9r\u00e9 dans les quatre derni\u00e8res ann\u00e9es. Elle a plut\u00f4t agi comme si elle avait carte blanche sur ses fa\u00e7ons de proc\u00e9der. Mais d\u00e9sormais, ce jugement rendu, combin\u00e9 avec le gouvernement lib\u00e9ral qui apporte une toute nouvelle vision, nous permettent d\u2019esp\u00e9rer que le syst\u00e8me de pardons sera prochainement remis sur les rails.<\/p>\n<p>\u00c9ditorial par Michael Ashby, Directeur du Centre du pardon national<\/p>\n<p><a href=\"http:\/\/www.lawtimesnews.com\/201602225234\/headline-news\/convicted-lawyer-may-gain-pardon\">Comment la Commission des lib\u00e9rations conditionnelles du Canada traite la pr\u00e9somption d\u2019innocence (article en anglais)<\/a>:<\/p>\n<p>&nbsp;<\/p>\n<p>&nbsp;<\/p>\n<p>&nbsp;<\/p>\n","protected":false},"excerpt":{"rendered":"<p>Un des changements les plus probl\u00e9matiques impos\u00e9s par Harper avec la loi omnibus est que cette derni\u00e8re a accord\u00e9 le droit \u00e0 la Commission des lib\u00e9rations conditionnelles du Canada de refuser une demande de pardon pour quelque raison que ce soit. Sp\u00e9cifiquement, ou d\u00e9pendamment de comment on consid\u00e8re la question, la Commission peut refuser une [&hellip;]<\/p>\n","protected":false},"author":2,"featured_media":17030,"comment_status":"open","ping_status":"open","sticky":false,"template":"","format":"standard","meta":{"footnotes":""},"categories":[59],"tags":[],"class_list":["post-14389","post","type-post","status-publish","format-standard","has-post-thumbnail","hentry","category-suspension-du-casier-judiciaire"],"yoast_head":"<!-- This site is optimized with the Yoast SEO plugin v27.4 - https:\/\/yoast.com\/product\/yoast-seo-wordpress\/ -->\n<title>Pardons canadiens \u2013 Susceptible de d\u00e9consid\u00e9rer l\u2019administration de la justice - staging.nationalpardon.org<\/title>\n<meta name=\"robots\" content=\"noindex, follow, max-snippet:-1, max-image-preview:large, max-video-preview:-1\" \/>\n<meta property=\"og:locale\" content=\"en_US\" \/>\n<meta property=\"og:type\" content=\"article\" \/>\n<meta property=\"og:title\" content=\"Pardons canadiens \u2013 Susceptible de d\u00e9consid\u00e9rer l\u2019administration de la justice - staging.nationalpardon.org\" \/>\n<meta property=\"og:description\" content=\"Un des changements les plus probl\u00e9matiques impos\u00e9s par Harper avec la loi omnibus est que cette derni\u00e8re a accord\u00e9 le droit \u00e0 la Commission des lib\u00e9rations conditionnelles du Canada de refuser une demande de pardon pour quelque raison que ce soit. Sp\u00e9cifiquement, ou d\u00e9pendamment de comment on consid\u00e8re la question, la Commission peut refuser une [&hellip;]\" \/>\n<meta property=\"og:url\" content=\"https:\/\/staging.nationalpardon.org\/?p=14389\" \/>\n<meta property=\"og:site_name\" content=\"staging.nationalpardon.org\" \/>\n<meta property=\"article:published_time\" content=\"2016-03-16T16:52:31+00:00\" \/>\n<meta name=\"author\" content=\"National Pardon\" \/>\n<meta name=\"twitter:card\" content=\"summary_large_image\" \/>\n<meta name=\"twitter:label1\" content=\"Written by\" \/>\n\t<meta name=\"twitter:data1\" content=\"National Pardon\" \/>\n\t<meta name=\"twitter:label2\" content=\"Est. reading time\" \/>\n\t<meta name=\"twitter:data2\" content=\"2 minutes\" \/>\n<script type=\"application\/ld+json\" class=\"yoast-schema-graph\">{\"@context\":\"https:\\\/\\\/schema.org\",\"@graph\":[{\"@type\":\"Article\",\"@id\":\"https:\\\/\\\/staging.nationalpardon.org\\\/?p=14389#article\",\"isPartOf\":{\"@id\":\"https:\\\/\\\/staging.nationalpardon.org\\\/?p=14389\"},\"author\":{\"name\":\"National Pardon\",\"@id\":\"https:\\\/\\\/staging.nationalpardon.org\\\/#\\\/schema\\\/person\\\/7d8875ab66fc730533e59e05d71b75ba\"},\"headline\":\"Pardons canadiens \u2013 Susceptible de d\u00e9consid\u00e9rer l\u2019administration de la justice\",\"datePublished\":\"2016-03-16T16:52:31+00:00\",\"mainEntityOfPage\":{\"@id\":\"https:\\\/\\\/staging.nationalpardon.org\\\/?p=14389\"},\"wordCount\":339,\"commentCount\":0,\"image\":{\"@id\":\"https:\\\/\\\/staging.nationalpardon.org\\\/?p=14389#primaryimage\"},\"thumbnailUrl\":\"\",\"articleSection\":[\"Suspension du casier judiciaire\"],\"inLanguage\":\"en-CA\",\"potentialAction\":[{\"@type\":\"CommentAction\",\"name\":\"Comment\",\"target\":[\"https:\\\/\\\/staging.nationalpardon.org\\\/?p=14389#respond\"]}]},{\"@type\":\"WebPage\",\"@id\":\"https:\\\/\\\/staging.nationalpardon.org\\\/?p=14389\",\"url\":\"https:\\\/\\\/staging.nationalpardon.org\\\/?p=14389\",\"name\":\"Pardons canadiens \u2013 Susceptible de d\u00e9consid\u00e9rer l\u2019administration de la justice - staging.nationalpardon.org\",\"isPartOf\":{\"@id\":\"https:\\\/\\\/staging.nationalpardon.org\\\/#website\"},\"primaryImageOfPage\":{\"@id\":\"https:\\\/\\\/staging.nationalpardon.org\\\/?p=14389#primaryimage\"},\"image\":{\"@id\":\"https:\\\/\\\/staging.nationalpardon.org\\\/?p=14389#primaryimage\"},\"thumbnailUrl\":\"\",\"datePublished\":\"2016-03-16T16:52:31+00:00\",\"author\":{\"@id\":\"https:\\\/\\\/staging.nationalpardon.org\\\/#\\\/schema\\\/person\\\/7d8875ab66fc730533e59e05d71b75ba\"},\"breadcrumb\":{\"@id\":\"https:\\\/\\\/staging.nationalpardon.org\\\/?p=14389#breadcrumb\"},\"inLanguage\":\"en-CA\",\"potentialAction\":[{\"@type\":\"ReadAction\",\"target\":[\"https:\\\/\\\/staging.nationalpardon.org\\\/?p=14389\"]}]},{\"@type\":\"ImageObject\",\"inLanguage\":\"en-CA\",\"@id\":\"https:\\\/\\\/staging.nationalpardon.org\\\/?p=14389#primaryimage\",\"url\":\"\",\"contentUrl\":\"\"},{\"@type\":\"BreadcrumbList\",\"@id\":\"https:\\\/\\\/staging.nationalpardon.org\\\/?p=14389#breadcrumb\",\"itemListElement\":[{\"@type\":\"ListItem\",\"position\":1,\"name\":\"Home\",\"item\":\"https:\\\/\\\/staging.nationalpardon.org\\\/\"},{\"@type\":\"ListItem\",\"position\":2,\"name\":\"Pardons canadiens \u2013 Susceptible de d\u00e9consid\u00e9rer l\u2019administration de la justice\"}]},{\"@type\":\"WebSite\",\"@id\":\"https:\\\/\\\/staging.nationalpardon.org\\\/#website\",\"url\":\"https:\\\/\\\/staging.nationalpardon.org\\\/\",\"name\":\"staging.nationalpardon.org\",\"description\":\"\",\"potentialAction\":[{\"@type\":\"SearchAction\",\"target\":{\"@type\":\"EntryPoint\",\"urlTemplate\":\"https:\\\/\\\/staging.nationalpardon.org\\\/?s={search_term_string}\"},\"query-input\":{\"@type\":\"PropertyValueSpecification\",\"valueRequired\":true,\"valueName\":\"search_term_string\"}}],\"inLanguage\":\"en-CA\"},{\"@type\":\"Person\",\"@id\":\"https:\\\/\\\/staging.nationalpardon.org\\\/#\\\/schema\\\/person\\\/7d8875ab66fc730533e59e05d71b75ba\",\"name\":\"National Pardon\",\"image\":{\"@type\":\"ImageObject\",\"inLanguage\":\"en-CA\",\"@id\":\"https:\\\/\\\/secure.gravatar.com\\\/avatar\\\/d55e3ad3ac775d0424d0fabd5ee073c9b71cd7bd352610bb4cc4ff574dc748fe?s=96&d=mm&r=g\",\"url\":\"https:\\\/\\\/secure.gravatar.com\\\/avatar\\\/d55e3ad3ac775d0424d0fabd5ee073c9b71cd7bd352610bb4cc4ff574dc748fe?s=96&d=mm&r=g\",\"contentUrl\":\"https:\\\/\\\/secure.gravatar.com\\\/avatar\\\/d55e3ad3ac775d0424d0fabd5ee073c9b71cd7bd352610bb4cc4ff574dc748fe?s=96&d=mm&r=g\",\"caption\":\"National Pardon\"},\"url\":\"https:\\\/\\\/staging.nationalpardon.org\\\/?author=2\"}]}<\/script>\n<!-- \/ Yoast SEO plugin. -->","yoast_head_json":{"title":"Pardons canadiens \u2013 Susceptible de d\u00e9consid\u00e9rer l\u2019administration de la justice - staging.nationalpardon.org","robots":{"index":"noindex","follow":"follow","max-snippet":"max-snippet:-1","max-image-preview":"max-image-preview:large","max-video-preview":"max-video-preview:-1"},"og_locale":"en_US","og_type":"article","og_title":"Pardons canadiens \u2013 Susceptible de d\u00e9consid\u00e9rer l\u2019administration de la justice - staging.nationalpardon.org","og_description":"Un des changements les plus probl\u00e9matiques impos\u00e9s par Harper avec la loi omnibus est que cette derni\u00e8re a accord\u00e9 le droit \u00e0 la Commission des lib\u00e9rations conditionnelles du Canada de refuser une demande de pardon pour quelque raison que ce soit. Sp\u00e9cifiquement, ou d\u00e9pendamment de comment on consid\u00e8re la question, la Commission peut refuser une [&hellip;]","og_url":"https:\/\/staging.nationalpardon.org\/?p=14389","og_site_name":"staging.nationalpardon.org","article_published_time":"2016-03-16T16:52:31+00:00","author":"National Pardon","twitter_card":"summary_large_image","twitter_misc":{"Written by":"National Pardon","Est. reading time":"2 minutes"},"schema":{"@context":"https:\/\/schema.org","@graph":[{"@type":"Article","@id":"https:\/\/staging.nationalpardon.org\/?p=14389#article","isPartOf":{"@id":"https:\/\/staging.nationalpardon.org\/?p=14389"},"author":{"name":"National Pardon","@id":"https:\/\/staging.nationalpardon.org\/#\/schema\/person\/7d8875ab66fc730533e59e05d71b75ba"},"headline":"Pardons canadiens \u2013 Susceptible de d\u00e9consid\u00e9rer l\u2019administration de la justice","datePublished":"2016-03-16T16:52:31+00:00","mainEntityOfPage":{"@id":"https:\/\/staging.nationalpardon.org\/?p=14389"},"wordCount":339,"commentCount":0,"image":{"@id":"https:\/\/staging.nationalpardon.org\/?p=14389#primaryimage"},"thumbnailUrl":"","articleSection":["Suspension du casier judiciaire"],"inLanguage":"en-CA","potentialAction":[{"@type":"CommentAction","name":"Comment","target":["https:\/\/staging.nationalpardon.org\/?p=14389#respond"]}]},{"@type":"WebPage","@id":"https:\/\/staging.nationalpardon.org\/?p=14389","url":"https:\/\/staging.nationalpardon.org\/?p=14389","name":"Pardons canadiens \u2013 Susceptible de d\u00e9consid\u00e9rer l\u2019administration de la justice - staging.nationalpardon.org","isPartOf":{"@id":"https:\/\/staging.nationalpardon.org\/#website"},"primaryImageOfPage":{"@id":"https:\/\/staging.nationalpardon.org\/?p=14389#primaryimage"},"image":{"@id":"https:\/\/staging.nationalpardon.org\/?p=14389#primaryimage"},"thumbnailUrl":"","datePublished":"2016-03-16T16:52:31+00:00","author":{"@id":"https:\/\/staging.nationalpardon.org\/#\/schema\/person\/7d8875ab66fc730533e59e05d71b75ba"},"breadcrumb":{"@id":"https:\/\/staging.nationalpardon.org\/?p=14389#breadcrumb"},"inLanguage":"en-CA","potentialAction":[{"@type":"ReadAction","target":["https:\/\/staging.nationalpardon.org\/?p=14389"]}]},{"@type":"ImageObject","inLanguage":"en-CA","@id":"https:\/\/staging.nationalpardon.org\/?p=14389#primaryimage","url":"","contentUrl":""},{"@type":"BreadcrumbList","@id":"https:\/\/staging.nationalpardon.org\/?p=14389#breadcrumb","itemListElement":[{"@type":"ListItem","position":1,"name":"Home","item":"https:\/\/staging.nationalpardon.org\/"},{"@type":"ListItem","position":2,"name":"Pardons canadiens \u2013 Susceptible de d\u00e9consid\u00e9rer l\u2019administration de la justice"}]},{"@type":"WebSite","@id":"https:\/\/staging.nationalpardon.org\/#website","url":"https:\/\/staging.nationalpardon.org\/","name":"staging.nationalpardon.org","description":"","potentialAction":[{"@type":"SearchAction","target":{"@type":"EntryPoint","urlTemplate":"https:\/\/staging.nationalpardon.org\/?s={search_term_string}"},"query-input":{"@type":"PropertyValueSpecification","valueRequired":true,"valueName":"search_term_string"}}],"inLanguage":"en-CA"},{"@type":"Person","@id":"https:\/\/staging.nationalpardon.org\/#\/schema\/person\/7d8875ab66fc730533e59e05d71b75ba","name":"National Pardon","image":{"@type":"ImageObject","inLanguage":"en-CA","@id":"https:\/\/secure.gravatar.com\/avatar\/d55e3ad3ac775d0424d0fabd5ee073c9b71cd7bd352610bb4cc4ff574dc748fe?s=96&d=mm&r=g","url":"https:\/\/secure.gravatar.com\/avatar\/d55e3ad3ac775d0424d0fabd5ee073c9b71cd7bd352610bb4cc4ff574dc748fe?s=96&d=mm&r=g","contentUrl":"https:\/\/secure.gravatar.com\/avatar\/d55e3ad3ac775d0424d0fabd5ee073c9b71cd7bd352610bb4cc4ff574dc748fe?s=96&d=mm&r=g","caption":"National Pardon"},"url":"https:\/\/staging.nationalpardon.org\/?author=2"}]}},"_links":{"self":[{"href":"https:\/\/staging.nationalpardon.org\/index.php?rest_route=\/wp\/v2\/posts\/14389","targetHints":{"allow":["GET"]}}],"collection":[{"href":"https:\/\/staging.nationalpardon.org\/index.php?rest_route=\/wp\/v2\/posts"}],"about":[{"href":"https:\/\/staging.nationalpardon.org\/index.php?rest_route=\/wp\/v2\/types\/post"}],"author":[{"embeddable":true,"href":"https:\/\/staging.nationalpardon.org\/index.php?rest_route=\/wp\/v2\/users\/2"}],"replies":[{"embeddable":true,"href":"https:\/\/staging.nationalpardon.org\/index.php?rest_route=%2Fwp%2Fv2%2Fcomments&post=14389"}],"version-history":[{"count":0,"href":"https:\/\/staging.nationalpardon.org\/index.php?rest_route=\/wp\/v2\/posts\/14389\/revisions"}],"wp:featuredmedia":[{"embeddable":true,"href":"https:\/\/staging.nationalpardon.org\/index.php?rest_route=\/"}],"wp:attachment":[{"href":"https:\/\/staging.nationalpardon.org\/index.php?rest_route=%2Fwp%2Fv2%2Fmedia&parent=14389"}],"wp:term":[{"taxonomy":"category","embeddable":true,"href":"https:\/\/staging.nationalpardon.org\/index.php?rest_route=%2Fwp%2Fv2%2Fcategories&post=14389"},{"taxonomy":"post_tag","embeddable":true,"href":"https:\/\/staging.nationalpardon.org\/index.php?rest_route=%2Fwp%2Fv2%2Ftags&post=14389"}],"curies":[{"name":"wp","href":"https:\/\/api.w.org\/{rel}","templated":true}]}}