{"id":14477,"date":"2016-05-07T05:06:56","date_gmt":"2016-05-07T05:06:56","guid":{"rendered":"https:\/\/nationalpardon.org\/?p=14477&amp;lang=fr"},"modified":"2016-05-07T05:06:56","modified_gmt":"2016-05-07T05:06:56","slug":"la-conduite-avec-facultes-affaiblies-au-canada-et-la-frontiere-americaine","status":"publish","type":"post","link":"https:\/\/staging.nationalpardon.org\/?p=14477","title":{"rendered":"La conduite avec facult\u00e9s affaiblies au Canada et la fronti\u00e8re am\u00e9ricaine"},"content":{"rendered":"<p>Curieusement, une charge consid\u00e9r\u00e9e comme s\u00e9rieuse au Canada ne vous emp\u00eache pas l\u2019entr\u00e9e aux \u00c9tats-Unis. Plusieurs personnes nous contactent pour une demande de waiver puisqu\u2019ils y ont une conduite avec facult\u00e9s affaiblies (soit d\u2019avoir \u00e9chou\u00e9 l\u2019alcootest). Chaque fois, nous r\u00e9pondons que le waiver n\u2019est pas n\u00e9cessaire pour cette charge. Pourquoi ? Parce que, pour une raison quelconque, les \u00c9tats-Unis ne consid\u00e8rent pas la conduite avec facult\u00e9s affaiblies comme \u00e9tant un crime de turpitude morale.<\/p>\n<p>Bien que je ne sois pas d\u2019accord avec eux, les am\u00e9ricains ne changeront pas leur loi pour mon bon plaisir. Ainsi, si votre <em>seule<\/em> charge est une conduite avec facult\u00e9s affaiblies, il est <em>tr\u00e8s possible<\/em> que vous ne soyez pas refus\u00e9 \u00e0 la fronti\u00e8re am\u00e9ricaine.<\/p>\n<p>D\u2019un autre c\u00f4t\u00e9, cette possibilit\u00e9 n\u2019est pas une garantie. Il arrive que certains de nos clients aient \u00e9t\u00e9 refus\u00e9s pour un seul ivressom\u00e8tre. Nous ne savons pas vraiment pourquoi ; peut-\u00eatre parce que le douanier n\u2019avait alors pas acc\u00e8s au dossier complet. C\u2019est-\u00e0-dire qu\u2019il pouvait voir que l\u2019individu avait \u00e9t\u00e9 arr\u00eat\u00e9, mais ne pouvait en savoir la raison. Pour \u00e9viter des probl\u00e8mes, j\u2019imagine que les douaniers prennent alors la d\u00e9cision de refuser la personne.<\/p>\n<p>Notre suggestion dans le cas o\u00f9 votre seule charge est une conduite avec facult\u00e9s affaiblies et que vous aimeriez voyager aux \u00c9tats-Unis est la suivante\u00a0: assurez-vous de voyager avec des papiers de la Cour ou tout autre document qui prouve la nature de votre infraction. Ainsi, le douanier pourra en prendre connaissance de fa\u00e7on assur\u00e9e.<\/p>\n<p>Pour toute question \u00e0 ce sujet ou pour les dossiers criminels en g\u00e9n\u00e9ral, n\u2019h\u00e9sitez pas \u00e0 nous contacter.<\/p>\n<p>Michael Ashby<\/p>\n<p>&nbsp;<\/p>\n<p>&nbsp;<\/p>\n<p>&nbsp;<\/p>\n<p>&nbsp;<\/p>\n","protected":false},"excerpt":{"rendered":"<p>Curieusement, une charge consid\u00e9r\u00e9e comme s\u00e9rieuse au Canada ne vous emp\u00eache pas l\u2019entr\u00e9e aux \u00c9tats-Unis. Plusieurs personnes nous contactent pour une demande de waiver puisqu\u2019ils y ont une conduite avec facult\u00e9s affaiblies (soit d\u2019avoir \u00e9chou\u00e9 l\u2019alcootest). Chaque fois, nous r\u00e9pondons que le waiver n\u2019est pas n\u00e9cessaire pour cette charge. Pourquoi ? Parce que, pour une [&hellip;]<\/p>\n","protected":false},"author":2,"featured_media":17030,"comment_status":"open","ping_status":"open","sticky":false,"template":"","format":"standard","meta":{"footnotes":""},"categories":[59,53],"tags":[],"class_list":["post-14477","post","type-post","status-publish","format-standard","has-post-thumbnail","hentry","category-suspension-du-casier-judiciaire","category-waiver-americaine-2"],"yoast_head":"<!-- This site is optimized with the Yoast SEO plugin v27.4 - https:\/\/yoast.com\/product\/yoast-seo-wordpress\/ -->\n<title>La conduite avec facult\u00e9s affaiblies au Canada et la fronti\u00e8re am\u00e9ricaine - staging.nationalpardon.org<\/title>\n<meta name=\"robots\" content=\"noindex, follow, max-snippet:-1, max-image-preview:large, max-video-preview:-1\" \/>\n<meta property=\"og:locale\" content=\"en_US\" \/>\n<meta property=\"og:type\" content=\"article\" \/>\n<meta property=\"og:title\" content=\"La conduite avec facult\u00e9s affaiblies au Canada et la fronti\u00e8re am\u00e9ricaine - staging.nationalpardon.org\" \/>\n<meta property=\"og:description\" content=\"Curieusement, une charge consid\u00e9r\u00e9e comme s\u00e9rieuse au Canada ne vous emp\u00eache pas l\u2019entr\u00e9e aux \u00c9tats-Unis. Plusieurs personnes nous contactent pour une demande de waiver puisqu\u2019ils y ont une conduite avec facult\u00e9s affaiblies (soit d\u2019avoir \u00e9chou\u00e9 l\u2019alcootest). Chaque fois, nous r\u00e9pondons que le waiver n\u2019est pas n\u00e9cessaire pour cette charge. Pourquoi ? Parce que, pour une [&hellip;]\" \/>\n<meta property=\"og:url\" content=\"https:\/\/staging.nationalpardon.org\/?p=14477\" \/>\n<meta property=\"og:site_name\" content=\"staging.nationalpardon.org\" \/>\n<meta property=\"article:published_time\" content=\"2016-05-07T05:06:56+00:00\" \/>\n<meta name=\"author\" content=\"National Pardon\" \/>\n<meta name=\"twitter:card\" content=\"summary_large_image\" \/>\n<meta name=\"twitter:label1\" content=\"Written by\" \/>\n\t<meta name=\"twitter:data1\" content=\"National Pardon\" \/>\n\t<meta name=\"twitter:label2\" content=\"Est. reading time\" \/>\n\t<meta name=\"twitter:data2\" content=\"2 minutes\" \/>\n<script type=\"application\/ld+json\" class=\"yoast-schema-graph\">{\"@context\":\"https:\\\/\\\/schema.org\",\"@graph\":[{\"@type\":\"Article\",\"@id\":\"https:\\\/\\\/staging.nationalpardon.org\\\/?p=14477#article\",\"isPartOf\":{\"@id\":\"https:\\\/\\\/staging.nationalpardon.org\\\/?p=14477\"},\"author\":{\"name\":\"National Pardon\",\"@id\":\"https:\\\/\\\/staging.nationalpardon.org\\\/#\\\/schema\\\/person\\\/7d8875ab66fc730533e59e05d71b75ba\"},\"headline\":\"La conduite avec facult\u00e9s affaiblies au Canada et la fronti\u00e8re am\u00e9ricaine\",\"datePublished\":\"2016-05-07T05:06:56+00:00\",\"mainEntityOfPage\":{\"@id\":\"https:\\\/\\\/staging.nationalpardon.org\\\/?p=14477\"},\"wordCount\":325,\"commentCount\":0,\"image\":{\"@id\":\"https:\\\/\\\/staging.nationalpardon.org\\\/?p=14477#primaryimage\"},\"thumbnailUrl\":\"\",\"articleSection\":[\"Suspension du casier judiciaire\",\"Waiver am\u00e9ricaine\"],\"inLanguage\":\"en-CA\",\"potentialAction\":[{\"@type\":\"CommentAction\",\"name\":\"Comment\",\"target\":[\"https:\\\/\\\/staging.nationalpardon.org\\\/?p=14477#respond\"]}]},{\"@type\":\"WebPage\",\"@id\":\"https:\\\/\\\/staging.nationalpardon.org\\\/?p=14477\",\"url\":\"https:\\\/\\\/staging.nationalpardon.org\\\/?p=14477\",\"name\":\"La conduite avec facult\u00e9s affaiblies au Canada et la fronti\u00e8re am\u00e9ricaine - staging.nationalpardon.org\",\"isPartOf\":{\"@id\":\"https:\\\/\\\/staging.nationalpardon.org\\\/#website\"},\"primaryImageOfPage\":{\"@id\":\"https:\\\/\\\/staging.nationalpardon.org\\\/?p=14477#primaryimage\"},\"image\":{\"@id\":\"https:\\\/\\\/staging.nationalpardon.org\\\/?p=14477#primaryimage\"},\"thumbnailUrl\":\"\",\"datePublished\":\"2016-05-07T05:06:56+00:00\",\"author\":{\"@id\":\"https:\\\/\\\/staging.nationalpardon.org\\\/#\\\/schema\\\/person\\\/7d8875ab66fc730533e59e05d71b75ba\"},\"breadcrumb\":{\"@id\":\"https:\\\/\\\/staging.nationalpardon.org\\\/?p=14477#breadcrumb\"},\"inLanguage\":\"en-CA\",\"potentialAction\":[{\"@type\":\"ReadAction\",\"target\":[\"https:\\\/\\\/staging.nationalpardon.org\\\/?p=14477\"]}]},{\"@type\":\"ImageObject\",\"inLanguage\":\"en-CA\",\"@id\":\"https:\\\/\\\/staging.nationalpardon.org\\\/?p=14477#primaryimage\",\"url\":\"\",\"contentUrl\":\"\"},{\"@type\":\"BreadcrumbList\",\"@id\":\"https:\\\/\\\/staging.nationalpardon.org\\\/?p=14477#breadcrumb\",\"itemListElement\":[{\"@type\":\"ListItem\",\"position\":1,\"name\":\"Home\",\"item\":\"https:\\\/\\\/staging.nationalpardon.org\\\/\"},{\"@type\":\"ListItem\",\"position\":2,\"name\":\"La conduite avec facult\u00e9s affaiblies au Canada et la fronti\u00e8re am\u00e9ricaine\"}]},{\"@type\":\"WebSite\",\"@id\":\"https:\\\/\\\/staging.nationalpardon.org\\\/#website\",\"url\":\"https:\\\/\\\/staging.nationalpardon.org\\\/\",\"name\":\"staging.nationalpardon.org\",\"description\":\"\",\"potentialAction\":[{\"@type\":\"SearchAction\",\"target\":{\"@type\":\"EntryPoint\",\"urlTemplate\":\"https:\\\/\\\/staging.nationalpardon.org\\\/?s={search_term_string}\"},\"query-input\":{\"@type\":\"PropertyValueSpecification\",\"valueRequired\":true,\"valueName\":\"search_term_string\"}}],\"inLanguage\":\"en-CA\"},{\"@type\":\"Person\",\"@id\":\"https:\\\/\\\/staging.nationalpardon.org\\\/#\\\/schema\\\/person\\\/7d8875ab66fc730533e59e05d71b75ba\",\"name\":\"National Pardon\",\"image\":{\"@type\":\"ImageObject\",\"inLanguage\":\"en-CA\",\"@id\":\"https:\\\/\\\/secure.gravatar.com\\\/avatar\\\/d55e3ad3ac775d0424d0fabd5ee073c9b71cd7bd352610bb4cc4ff574dc748fe?s=96&d=mm&r=g\",\"url\":\"https:\\\/\\\/secure.gravatar.com\\\/avatar\\\/d55e3ad3ac775d0424d0fabd5ee073c9b71cd7bd352610bb4cc4ff574dc748fe?s=96&d=mm&r=g\",\"contentUrl\":\"https:\\\/\\\/secure.gravatar.com\\\/avatar\\\/d55e3ad3ac775d0424d0fabd5ee073c9b71cd7bd352610bb4cc4ff574dc748fe?s=96&d=mm&r=g\",\"caption\":\"National Pardon\"},\"url\":\"https:\\\/\\\/staging.nationalpardon.org\\\/?author=2\"}]}<\/script>\n<!-- \/ Yoast SEO plugin. -->","yoast_head_json":{"title":"La conduite avec facult\u00e9s affaiblies au Canada et la fronti\u00e8re am\u00e9ricaine - staging.nationalpardon.org","robots":{"index":"noindex","follow":"follow","max-snippet":"max-snippet:-1","max-image-preview":"max-image-preview:large","max-video-preview":"max-video-preview:-1"},"og_locale":"en_US","og_type":"article","og_title":"La conduite avec facult\u00e9s affaiblies au Canada et la fronti\u00e8re am\u00e9ricaine - staging.nationalpardon.org","og_description":"Curieusement, une charge consid\u00e9r\u00e9e comme s\u00e9rieuse au Canada ne vous emp\u00eache pas l\u2019entr\u00e9e aux \u00c9tats-Unis. Plusieurs personnes nous contactent pour une demande de waiver puisqu\u2019ils y ont une conduite avec facult\u00e9s affaiblies (soit d\u2019avoir \u00e9chou\u00e9 l\u2019alcootest). Chaque fois, nous r\u00e9pondons que le waiver n\u2019est pas n\u00e9cessaire pour cette charge. Pourquoi ? Parce que, pour une [&hellip;]","og_url":"https:\/\/staging.nationalpardon.org\/?p=14477","og_site_name":"staging.nationalpardon.org","article_published_time":"2016-05-07T05:06:56+00:00","author":"National Pardon","twitter_card":"summary_large_image","twitter_misc":{"Written by":"National Pardon","Est. reading time":"2 minutes"},"schema":{"@context":"https:\/\/schema.org","@graph":[{"@type":"Article","@id":"https:\/\/staging.nationalpardon.org\/?p=14477#article","isPartOf":{"@id":"https:\/\/staging.nationalpardon.org\/?p=14477"},"author":{"name":"National Pardon","@id":"https:\/\/staging.nationalpardon.org\/#\/schema\/person\/7d8875ab66fc730533e59e05d71b75ba"},"headline":"La conduite avec facult\u00e9s affaiblies au Canada et la fronti\u00e8re am\u00e9ricaine","datePublished":"2016-05-07T05:06:56+00:00","mainEntityOfPage":{"@id":"https:\/\/staging.nationalpardon.org\/?p=14477"},"wordCount":325,"commentCount":0,"image":{"@id":"https:\/\/staging.nationalpardon.org\/?p=14477#primaryimage"},"thumbnailUrl":"","articleSection":["Suspension du casier judiciaire","Waiver am\u00e9ricaine"],"inLanguage":"en-CA","potentialAction":[{"@type":"CommentAction","name":"Comment","target":["https:\/\/staging.nationalpardon.org\/?p=14477#respond"]}]},{"@type":"WebPage","@id":"https:\/\/staging.nationalpardon.org\/?p=14477","url":"https:\/\/staging.nationalpardon.org\/?p=14477","name":"La conduite avec facult\u00e9s affaiblies au Canada et la fronti\u00e8re am\u00e9ricaine - staging.nationalpardon.org","isPartOf":{"@id":"https:\/\/staging.nationalpardon.org\/#website"},"primaryImageOfPage":{"@id":"https:\/\/staging.nationalpardon.org\/?p=14477#primaryimage"},"image":{"@id":"https:\/\/staging.nationalpardon.org\/?p=14477#primaryimage"},"thumbnailUrl":"","datePublished":"2016-05-07T05:06:56+00:00","author":{"@id":"https:\/\/staging.nationalpardon.org\/#\/schema\/person\/7d8875ab66fc730533e59e05d71b75ba"},"breadcrumb":{"@id":"https:\/\/staging.nationalpardon.org\/?p=14477#breadcrumb"},"inLanguage":"en-CA","potentialAction":[{"@type":"ReadAction","target":["https:\/\/staging.nationalpardon.org\/?p=14477"]}]},{"@type":"ImageObject","inLanguage":"en-CA","@id":"https:\/\/staging.nationalpardon.org\/?p=14477#primaryimage","url":"","contentUrl":""},{"@type":"BreadcrumbList","@id":"https:\/\/staging.nationalpardon.org\/?p=14477#breadcrumb","itemListElement":[{"@type":"ListItem","position":1,"name":"Home","item":"https:\/\/staging.nationalpardon.org\/"},{"@type":"ListItem","position":2,"name":"La conduite avec facult\u00e9s affaiblies au Canada et la fronti\u00e8re am\u00e9ricaine"}]},{"@type":"WebSite","@id":"https:\/\/staging.nationalpardon.org\/#website","url":"https:\/\/staging.nationalpardon.org\/","name":"staging.nationalpardon.org","description":"","potentialAction":[{"@type":"SearchAction","target":{"@type":"EntryPoint","urlTemplate":"https:\/\/staging.nationalpardon.org\/?s={search_term_string}"},"query-input":{"@type":"PropertyValueSpecification","valueRequired":true,"valueName":"search_term_string"}}],"inLanguage":"en-CA"},{"@type":"Person","@id":"https:\/\/staging.nationalpardon.org\/#\/schema\/person\/7d8875ab66fc730533e59e05d71b75ba","name":"National Pardon","image":{"@type":"ImageObject","inLanguage":"en-CA","@id":"https:\/\/secure.gravatar.com\/avatar\/d55e3ad3ac775d0424d0fabd5ee073c9b71cd7bd352610bb4cc4ff574dc748fe?s=96&d=mm&r=g","url":"https:\/\/secure.gravatar.com\/avatar\/d55e3ad3ac775d0424d0fabd5ee073c9b71cd7bd352610bb4cc4ff574dc748fe?s=96&d=mm&r=g","contentUrl":"https:\/\/secure.gravatar.com\/avatar\/d55e3ad3ac775d0424d0fabd5ee073c9b71cd7bd352610bb4cc4ff574dc748fe?s=96&d=mm&r=g","caption":"National Pardon"},"url":"https:\/\/staging.nationalpardon.org\/?author=2"}]}},"_links":{"self":[{"href":"https:\/\/staging.nationalpardon.org\/index.php?rest_route=\/wp\/v2\/posts\/14477","targetHints":{"allow":["GET"]}}],"collection":[{"href":"https:\/\/staging.nationalpardon.org\/index.php?rest_route=\/wp\/v2\/posts"}],"about":[{"href":"https:\/\/staging.nationalpardon.org\/index.php?rest_route=\/wp\/v2\/types\/post"}],"author":[{"embeddable":true,"href":"https:\/\/staging.nationalpardon.org\/index.php?rest_route=\/wp\/v2\/users\/2"}],"replies":[{"embeddable":true,"href":"https:\/\/staging.nationalpardon.org\/index.php?rest_route=%2Fwp%2Fv2%2Fcomments&post=14477"}],"version-history":[{"count":0,"href":"https:\/\/staging.nationalpardon.org\/index.php?rest_route=\/wp\/v2\/posts\/14477\/revisions"}],"wp:featuredmedia":[{"embeddable":true,"href":"https:\/\/staging.nationalpardon.org\/index.php?rest_route=\/"}],"wp:attachment":[{"href":"https:\/\/staging.nationalpardon.org\/index.php?rest_route=%2Fwp%2Fv2%2Fmedia&parent=14477"}],"wp:term":[{"taxonomy":"category","embeddable":true,"href":"https:\/\/staging.nationalpardon.org\/index.php?rest_route=%2Fwp%2Fv2%2Fcategories&post=14477"},{"taxonomy":"post_tag","embeddable":true,"href":"https:\/\/staging.nationalpardon.org\/index.php?rest_route=%2Fwp%2Fv2%2Ftags&post=14477"}],"curies":[{"name":"wp","href":"https:\/\/api.w.org\/{rel}","templated":true}]}}