{"id":14701,"date":"2016-05-24T18:16:39","date_gmt":"2016-05-24T18:16:39","guid":{"rendered":"https:\/\/nationalpardon.org\/?p=14701&amp;lang=fr"},"modified":"2016-05-24T18:16:39","modified_gmt":"2016-05-24T18:16:39","slug":"un-changement-dattitude-la-commission-des-liberations-conditionnelles-du-canada","status":"publish","type":"post","link":"https:\/\/staging.nationalpardon.org\/?p=14701","title":{"rendered":"Un changement d\u2019attitude \u00e0 la Commission des lib\u00e9rations conditionnelles du Canada ?"},"content":{"rendered":"<p>Nous avons re\u00e7u la lettre suivante de la part de la Commission des lib\u00e9rations conditionnelles du Canada. La premi\u00e8re chose qui m\u2019a accroch\u00e9 f\u00fbt le changement d\u2019attitude dans cette lettre.<\/p>\n<p>Je peux sinc\u00e8rement dire que sous le gouvernement Conservateur, il y aurait eu peu de chance que la Commission adopte une position ouverte \u00e0 la discussion. Lorsque j\u2019ai parl\u00e9 avec le Comit\u00e9 Permanent charg\u00e9 de r\u00e9viser le projet de loi d\u2019Harper, cela n\u2019avait \u00e9t\u00e9 que possible gr\u00e2ce \u00e0 l\u2019invitation du gouvernement Lib\u00e9ral, plus sp\u00e9cifiquement de monsieur Mark Holland qui, \u00e0 ce moment, occupait le r\u00f4le de critique Lib\u00e9ral pour la S\u00e9curit\u00e9 publique et la S\u00e9curit\u00e9 nationale.<\/p>\n<p>Bien s\u00fbr, je ne me fais pas trop d\u2019id\u00e9e. Bien qu\u2019il y ait des consultations publiques, celles-ci sont largement c\u00e9r\u00e9monielles. En d\u2019autres mots, je ne crois pas que l\u2019opinion de qui que ce soit changera la donne, mas bien que la d\u00e9cision a d\u00e9j\u00e0 \u00e9t\u00e9 prise. Mais bien entendu, mieux vaut donner l\u2019illusion de diligence raisonnable.<\/p>\n<p>Cela dit, je crois que les Lib\u00e9raux ont le pouvoir de r\u00e9tablir les coups caus\u00e9s \u00e0 la demande de pardon. Je crois qu\u2019ils feront mieux que leurs pr\u00e9d\u00e9cesseurs. Plusieurs personnes ont attendu trop longtemps \u00e0 cause de la dure politique des Conservateurs.<\/p>\n<p>Voici donc l\u2019invitation de la Commission. C\u2019est un changement de ton qui est le bienvenu; tout comme un changement de direction qui a longuement \u00e9t\u00e9 attendu.<\/p>\n<p>Michael Ashby<\/p>\n<p><a href=\"mailto:mashby@nationalpardon.org\">mashby@nationalpardon.org<\/a><\/p>\n<p>&nbsp;<\/p>\n<p><img loading=\"lazy\" decoding=\"async\" class=\"aligncenter size-full wp-image-14705\" src=\"https:\/\/nationalpardon.org\/wp-content\/uploads\/2016\/05\/CNLC-Lettre.jpeg\" alt=\"CNLC Lettre\" width=\"1700\" height=\"2338\" \/><\/p>\n<p><img loading=\"lazy\" decoding=\"async\" class=\"aligncenter size-full wp-image-14707\" src=\"https:\/\/nationalpardon.org\/wp-content\/uploads\/2016\/05\/CNLC-Lettre-pg.2.jpeg\" alt=\"CNLC Lettre pg.2\" width=\"1700\" height=\"2338\" \/><\/p>\n<p>&nbsp;<\/p>\n","protected":false},"excerpt":{"rendered":"<p>Nous avons re\u00e7u la lettre suivante de la part de la Commission des lib\u00e9rations conditionnelles du Canada. La premi\u00e8re chose qui m\u2019a accroch\u00e9 f\u00fbt le changement d\u2019attitude dans cette lettre. Je peux sinc\u00e8rement dire que sous le gouvernement Conservateur, il y aurait eu peu de chance que la Commission adopte une position ouverte \u00e0 la [&hellip;]<\/p>\n","protected":false},"author":2,"featured_media":17030,"comment_status":"open","ping_status":"open","sticky":false,"template":"","format":"standard","meta":{"footnotes":""},"categories":[48,59],"tags":[],"class_list":["post-14701","post","type-post","status-publish","format-standard","has-post-thumbnail","hentry","category-pardon-du-canada","category-suspension-du-casier-judiciaire"],"yoast_head":"<!-- This site is optimized with the Yoast SEO plugin v27.4 - https:\/\/yoast.com\/product\/yoast-seo-wordpress\/ -->\n<title>Un changement d\u2019attitude \u00e0 la Commission des lib\u00e9rations conditionnelles du Canada ? - staging.nationalpardon.org<\/title>\n<meta name=\"robots\" content=\"noindex, follow, max-snippet:-1, max-image-preview:large, max-video-preview:-1\" \/>\n<meta property=\"og:locale\" content=\"en_US\" \/>\n<meta property=\"og:type\" content=\"article\" \/>\n<meta property=\"og:title\" content=\"Un changement d\u2019attitude \u00e0 la Commission des lib\u00e9rations conditionnelles du Canada ? - staging.nationalpardon.org\" \/>\n<meta property=\"og:description\" content=\"Nous avons re\u00e7u la lettre suivante de la part de la Commission des lib\u00e9rations conditionnelles du Canada. La premi\u00e8re chose qui m\u2019a accroch\u00e9 f\u00fbt le changement d\u2019attitude dans cette lettre. Je peux sinc\u00e8rement dire que sous le gouvernement Conservateur, il y aurait eu peu de chance que la Commission adopte une position ouverte \u00e0 la [&hellip;]\" \/>\n<meta property=\"og:url\" content=\"https:\/\/staging.nationalpardon.org\/?p=14701\" \/>\n<meta property=\"og:site_name\" content=\"staging.nationalpardon.org\" \/>\n<meta property=\"article:published_time\" content=\"2016-05-24T18:16:39+00:00\" \/>\n<meta name=\"author\" content=\"National Pardon\" \/>\n<meta name=\"twitter:card\" content=\"summary_large_image\" \/>\n<meta name=\"twitter:label1\" content=\"Written by\" \/>\n\t<meta name=\"twitter:data1\" content=\"National Pardon\" \/>\n\t<meta name=\"twitter:label2\" content=\"Est. reading time\" \/>\n\t<meta name=\"twitter:data2\" content=\"1 minute\" \/>\n<script type=\"application\/ld+json\" class=\"yoast-schema-graph\">{\"@context\":\"https:\\\/\\\/schema.org\",\"@graph\":[{\"@type\":\"Article\",\"@id\":\"https:\\\/\\\/staging.nationalpardon.org\\\/?p=14701#article\",\"isPartOf\":{\"@id\":\"https:\\\/\\\/staging.nationalpardon.org\\\/?p=14701\"},\"author\":{\"name\":\"National Pardon\",\"@id\":\"https:\\\/\\\/staging.nationalpardon.org\\\/#\\\/schema\\\/person\\\/7d8875ab66fc730533e59e05d71b75ba\"},\"headline\":\"Un changement d\u2019attitude \u00e0 la Commission des lib\u00e9rations conditionnelles du Canada ?\",\"datePublished\":\"2016-05-24T18:16:39+00:00\",\"mainEntityOfPage\":{\"@id\":\"https:\\\/\\\/staging.nationalpardon.org\\\/?p=14701\"},\"wordCount\":282,\"commentCount\":0,\"image\":{\"@id\":\"https:\\\/\\\/staging.nationalpardon.org\\\/?p=14701#primaryimage\"},\"thumbnailUrl\":\"\",\"articleSection\":[\"Pardon du Canada\",\"Suspension du casier judiciaire\"],\"inLanguage\":\"en-CA\",\"potentialAction\":[{\"@type\":\"CommentAction\",\"name\":\"Comment\",\"target\":[\"https:\\\/\\\/staging.nationalpardon.org\\\/?p=14701#respond\"]}]},{\"@type\":\"WebPage\",\"@id\":\"https:\\\/\\\/staging.nationalpardon.org\\\/?p=14701\",\"url\":\"https:\\\/\\\/staging.nationalpardon.org\\\/?p=14701\",\"name\":\"Un changement d\u2019attitude \u00e0 la Commission des lib\u00e9rations conditionnelles du Canada ? - staging.nationalpardon.org\",\"isPartOf\":{\"@id\":\"https:\\\/\\\/staging.nationalpardon.org\\\/#website\"},\"primaryImageOfPage\":{\"@id\":\"https:\\\/\\\/staging.nationalpardon.org\\\/?p=14701#primaryimage\"},\"image\":{\"@id\":\"https:\\\/\\\/staging.nationalpardon.org\\\/?p=14701#primaryimage\"},\"thumbnailUrl\":\"\",\"datePublished\":\"2016-05-24T18:16:39+00:00\",\"author\":{\"@id\":\"https:\\\/\\\/staging.nationalpardon.org\\\/#\\\/schema\\\/person\\\/7d8875ab66fc730533e59e05d71b75ba\"},\"breadcrumb\":{\"@id\":\"https:\\\/\\\/staging.nationalpardon.org\\\/?p=14701#breadcrumb\"},\"inLanguage\":\"en-CA\",\"potentialAction\":[{\"@type\":\"ReadAction\",\"target\":[\"https:\\\/\\\/staging.nationalpardon.org\\\/?p=14701\"]}]},{\"@type\":\"ImageObject\",\"inLanguage\":\"en-CA\",\"@id\":\"https:\\\/\\\/staging.nationalpardon.org\\\/?p=14701#primaryimage\",\"url\":\"\",\"contentUrl\":\"\"},{\"@type\":\"BreadcrumbList\",\"@id\":\"https:\\\/\\\/staging.nationalpardon.org\\\/?p=14701#breadcrumb\",\"itemListElement\":[{\"@type\":\"ListItem\",\"position\":1,\"name\":\"Home\",\"item\":\"https:\\\/\\\/staging.nationalpardon.org\\\/\"},{\"@type\":\"ListItem\",\"position\":2,\"name\":\"Un changement d\u2019attitude \u00e0 la Commission des lib\u00e9rations conditionnelles du Canada ?\"}]},{\"@type\":\"WebSite\",\"@id\":\"https:\\\/\\\/staging.nationalpardon.org\\\/#website\",\"url\":\"https:\\\/\\\/staging.nationalpardon.org\\\/\",\"name\":\"staging.nationalpardon.org\",\"description\":\"\",\"potentialAction\":[{\"@type\":\"SearchAction\",\"target\":{\"@type\":\"EntryPoint\",\"urlTemplate\":\"https:\\\/\\\/staging.nationalpardon.org\\\/?s={search_term_string}\"},\"query-input\":{\"@type\":\"PropertyValueSpecification\",\"valueRequired\":true,\"valueName\":\"search_term_string\"}}],\"inLanguage\":\"en-CA\"},{\"@type\":\"Person\",\"@id\":\"https:\\\/\\\/staging.nationalpardon.org\\\/#\\\/schema\\\/person\\\/7d8875ab66fc730533e59e05d71b75ba\",\"name\":\"National Pardon\",\"image\":{\"@type\":\"ImageObject\",\"inLanguage\":\"en-CA\",\"@id\":\"https:\\\/\\\/secure.gravatar.com\\\/avatar\\\/d55e3ad3ac775d0424d0fabd5ee073c9b71cd7bd352610bb4cc4ff574dc748fe?s=96&d=mm&r=g\",\"url\":\"https:\\\/\\\/secure.gravatar.com\\\/avatar\\\/d55e3ad3ac775d0424d0fabd5ee073c9b71cd7bd352610bb4cc4ff574dc748fe?s=96&d=mm&r=g\",\"contentUrl\":\"https:\\\/\\\/secure.gravatar.com\\\/avatar\\\/d55e3ad3ac775d0424d0fabd5ee073c9b71cd7bd352610bb4cc4ff574dc748fe?s=96&d=mm&r=g\",\"caption\":\"National Pardon\"},\"url\":\"https:\\\/\\\/staging.nationalpardon.org\\\/?author=2\"}]}<\/script>\n<!-- \/ Yoast SEO plugin. -->","yoast_head_json":{"title":"Un changement d\u2019attitude \u00e0 la Commission des lib\u00e9rations conditionnelles du Canada ? - staging.nationalpardon.org","robots":{"index":"noindex","follow":"follow","max-snippet":"max-snippet:-1","max-image-preview":"max-image-preview:large","max-video-preview":"max-video-preview:-1"},"og_locale":"en_US","og_type":"article","og_title":"Un changement d\u2019attitude \u00e0 la Commission des lib\u00e9rations conditionnelles du Canada ? - staging.nationalpardon.org","og_description":"Nous avons re\u00e7u la lettre suivante de la part de la Commission des lib\u00e9rations conditionnelles du Canada. La premi\u00e8re chose qui m\u2019a accroch\u00e9 f\u00fbt le changement d\u2019attitude dans cette lettre. Je peux sinc\u00e8rement dire que sous le gouvernement Conservateur, il y aurait eu peu de chance que la Commission adopte une position ouverte \u00e0 la [&hellip;]","og_url":"https:\/\/staging.nationalpardon.org\/?p=14701","og_site_name":"staging.nationalpardon.org","article_published_time":"2016-05-24T18:16:39+00:00","author":"National Pardon","twitter_card":"summary_large_image","twitter_misc":{"Written by":"National Pardon","Est. reading time":"1 minute"},"schema":{"@context":"https:\/\/schema.org","@graph":[{"@type":"Article","@id":"https:\/\/staging.nationalpardon.org\/?p=14701#article","isPartOf":{"@id":"https:\/\/staging.nationalpardon.org\/?p=14701"},"author":{"name":"National Pardon","@id":"https:\/\/staging.nationalpardon.org\/#\/schema\/person\/7d8875ab66fc730533e59e05d71b75ba"},"headline":"Un changement d\u2019attitude \u00e0 la Commission des lib\u00e9rations conditionnelles du Canada ?","datePublished":"2016-05-24T18:16:39+00:00","mainEntityOfPage":{"@id":"https:\/\/staging.nationalpardon.org\/?p=14701"},"wordCount":282,"commentCount":0,"image":{"@id":"https:\/\/staging.nationalpardon.org\/?p=14701#primaryimage"},"thumbnailUrl":"","articleSection":["Pardon du Canada","Suspension du casier judiciaire"],"inLanguage":"en-CA","potentialAction":[{"@type":"CommentAction","name":"Comment","target":["https:\/\/staging.nationalpardon.org\/?p=14701#respond"]}]},{"@type":"WebPage","@id":"https:\/\/staging.nationalpardon.org\/?p=14701","url":"https:\/\/staging.nationalpardon.org\/?p=14701","name":"Un changement d\u2019attitude \u00e0 la Commission des lib\u00e9rations conditionnelles du Canada ? - staging.nationalpardon.org","isPartOf":{"@id":"https:\/\/staging.nationalpardon.org\/#website"},"primaryImageOfPage":{"@id":"https:\/\/staging.nationalpardon.org\/?p=14701#primaryimage"},"image":{"@id":"https:\/\/staging.nationalpardon.org\/?p=14701#primaryimage"},"thumbnailUrl":"","datePublished":"2016-05-24T18:16:39+00:00","author":{"@id":"https:\/\/staging.nationalpardon.org\/#\/schema\/person\/7d8875ab66fc730533e59e05d71b75ba"},"breadcrumb":{"@id":"https:\/\/staging.nationalpardon.org\/?p=14701#breadcrumb"},"inLanguage":"en-CA","potentialAction":[{"@type":"ReadAction","target":["https:\/\/staging.nationalpardon.org\/?p=14701"]}]},{"@type":"ImageObject","inLanguage":"en-CA","@id":"https:\/\/staging.nationalpardon.org\/?p=14701#primaryimage","url":"","contentUrl":""},{"@type":"BreadcrumbList","@id":"https:\/\/staging.nationalpardon.org\/?p=14701#breadcrumb","itemListElement":[{"@type":"ListItem","position":1,"name":"Home","item":"https:\/\/staging.nationalpardon.org\/"},{"@type":"ListItem","position":2,"name":"Un changement d\u2019attitude \u00e0 la Commission des lib\u00e9rations conditionnelles du Canada ?"}]},{"@type":"WebSite","@id":"https:\/\/staging.nationalpardon.org\/#website","url":"https:\/\/staging.nationalpardon.org\/","name":"staging.nationalpardon.org","description":"","potentialAction":[{"@type":"SearchAction","target":{"@type":"EntryPoint","urlTemplate":"https:\/\/staging.nationalpardon.org\/?s={search_term_string}"},"query-input":{"@type":"PropertyValueSpecification","valueRequired":true,"valueName":"search_term_string"}}],"inLanguage":"en-CA"},{"@type":"Person","@id":"https:\/\/staging.nationalpardon.org\/#\/schema\/person\/7d8875ab66fc730533e59e05d71b75ba","name":"National Pardon","image":{"@type":"ImageObject","inLanguage":"en-CA","@id":"https:\/\/secure.gravatar.com\/avatar\/d55e3ad3ac775d0424d0fabd5ee073c9b71cd7bd352610bb4cc4ff574dc748fe?s=96&d=mm&r=g","url":"https:\/\/secure.gravatar.com\/avatar\/d55e3ad3ac775d0424d0fabd5ee073c9b71cd7bd352610bb4cc4ff574dc748fe?s=96&d=mm&r=g","contentUrl":"https:\/\/secure.gravatar.com\/avatar\/d55e3ad3ac775d0424d0fabd5ee073c9b71cd7bd352610bb4cc4ff574dc748fe?s=96&d=mm&r=g","caption":"National Pardon"},"url":"https:\/\/staging.nationalpardon.org\/?author=2"}]}},"_links":{"self":[{"href":"https:\/\/staging.nationalpardon.org\/index.php?rest_route=\/wp\/v2\/posts\/14701","targetHints":{"allow":["GET"]}}],"collection":[{"href":"https:\/\/staging.nationalpardon.org\/index.php?rest_route=\/wp\/v2\/posts"}],"about":[{"href":"https:\/\/staging.nationalpardon.org\/index.php?rest_route=\/wp\/v2\/types\/post"}],"author":[{"embeddable":true,"href":"https:\/\/staging.nationalpardon.org\/index.php?rest_route=\/wp\/v2\/users\/2"}],"replies":[{"embeddable":true,"href":"https:\/\/staging.nationalpardon.org\/index.php?rest_route=%2Fwp%2Fv2%2Fcomments&post=14701"}],"version-history":[{"count":0,"href":"https:\/\/staging.nationalpardon.org\/index.php?rest_route=\/wp\/v2\/posts\/14701\/revisions"}],"wp:featuredmedia":[{"embeddable":true,"href":"https:\/\/staging.nationalpardon.org\/index.php?rest_route=\/"}],"wp:attachment":[{"href":"https:\/\/staging.nationalpardon.org\/index.php?rest_route=%2Fwp%2Fv2%2Fmedia&parent=14701"}],"wp:term":[{"taxonomy":"category","embeddable":true,"href":"https:\/\/staging.nationalpardon.org\/index.php?rest_route=%2Fwp%2Fv2%2Fcategories&post=14701"},{"taxonomy":"post_tag","embeddable":true,"href":"https:\/\/staging.nationalpardon.org\/index.php?rest_route=%2Fwp%2Fv2%2Ftags&post=14701"}],"curies":[{"name":"wp","href":"https:\/\/api.w.org\/{rel}","templated":true}]}}