{"id":14909,"date":"2016-08-30T14:38:55","date_gmt":"2016-08-30T14:38:55","guid":{"rendered":"https:\/\/nationalpardon.org\/?p=14909&amp;lang=fr"},"modified":"2016-08-30T14:38:55","modified_gmt":"2016-08-30T14:38:55","slug":"quand-les-lois-du-pardon-vont-elles-changer-les-liberaux-prevoient-renverser-les-lois-criminelles-des-conservateurs","status":"publish","type":"post","link":"https:\/\/staging.nationalpardon.org\/?p=14909","title":{"rendered":"Quand les lois du pardon vont-elles changer ? Les Lib\u00e9raux pr\u00e9voient renverser les lois criminelles des Conservateurs"},"content":{"rendered":"<p>Lorsque Stephen Harper a perdu son poste de premier ministre aux derni\u00e8res \u00e9lections, plusieurs membres de la communaut\u00e9 de la justice criminelle ont pouss\u00e9 un soupir de soulagement. Pendant 10 ans, les Conservateurs ont attaqu\u00e9 la loi criminelle canadienne avec un clair d\u00e9dain pour les solutions \u00e9videntes et sensibles.<\/p>\n<p>Que ce soit par l\u2019\u00e9limination du pardon original, en tuant la demande de r\u00e9vision judiciaire, en moussant les sentences minimales ou tout autre acte absurde de la part des Conservateurs, les \u00ab\u00a0Tories\u00a0\u00bb ont quotidiennement ignor\u00e9 l\u2019\u00e9vidence au nom de leur id\u00e9ologie. En d\u2019autres mots, lorsqu\u2019on aborde la justice criminelle canadienne des dix derni\u00e8res ann\u00e9es, on se rend bien compte que celle-ci a \u00e9t\u00e9 contrecarr\u00e9e par un agenda politique plut\u00f4t que d\u2019\u00eatre orient\u00e9e selon la justice sociale.<\/p>\n<p>La loi C23B a apport\u00e9 nombre de changements qui ont affect\u00e9 n\u00e9gativement des Canadiens qui tentent de se r\u00e9habiliter. En rendant le pardon plus difficile d\u2019acc\u00e8s, les \u00ab\u00a0Tories\u00a0\u00bb ont ralenti ou entrav\u00e9 les d\u00e9marches de milliers de personnes et les ont emp\u00each\u00e9, par le fait m\u00eame, de se trouver un emploi.<\/p>\n<p>La bonne nouvelle est que Stephen Harper et sa bande sont partis. Et que depuis l\u2019\u00e9lection de Justin Trudeau comme Premier Ministre, les Lib\u00e9raux ont annonc\u00e9 leur projet de r\u00e9viser les mesures de la justice criminelle, particuli\u00e8rement celles pr\u00e9c\u00e9demment amen\u00e9es par le gouvernement Conservateur. Cette refonte concerne entre autres la demande de pardon.<\/p>\n<p>Les Lib\u00e9raux ont r\u00e9cemment men\u00e9 une consultation publique concernant le frais d\u2019une demande de pardon. Je crois donc s\u00e9curitaire d\u2019affirmer que le premier changement \u00e0 venir concerne le frais gouvernemental pour une demande de pardon.<\/p>\n<p><strong>Historique du frais gouvernemental pour la demande de pardon<\/strong><\/p>\n<p>Avant les changements apport\u00e9s par les Conservateurs, ce frais \u00e9tait de 50$. Stephen Harper l\u2019a fait augmenter \u00e0 150$, puis de nouveau pour 630$. Ce changement avait pour but de limiter l\u2019acc\u00e8s \u00e0 la demande de pardon et de r\u00e9duire le nombre de demandeurs. Maintenant qu\u2019une consultation publique a \u00e9t\u00e9 men\u00e9e, nous pouvons esp\u00e9rer qu\u2019un prix plus raisonnable sera prochainement introduit et que plusieurs Canadiens pourront tourner la page et obtenir leur pardon.<\/p>\n<p><a href=\"http:\/\/www.lapresse.ca\/actualites\/justice-et-affaires-criminelles\/actualites-judiciaires\/201605\/12\/01-4980914-les-liberaux-revoient-les-frais-de-demande-de-suspension-du-casier-judiciaire.php\">http:\/\/www.lapresse.ca\/actualites\/justice-et-affaires-criminelles\/actualites-judiciaires\/201605\/12\/01-4980914-les-liberaux-revoient-les-frais-de-demande-de-suspension-du-casier-judiciaire.php<\/a><\/p>\n<p><strong>Une r\u00e9vision de la l\u00e9gislation<\/strong><\/p>\n<p>Une fois la probl\u00e9matique du frais r\u00e9solu, les Lib\u00e9raux ont pour but de r\u00e9viser la l\u00e9gislation du Code Criminel qui avait pr\u00e9c\u00e9demment subi les contrecoups du gouvernement Conservateur. Les changements les plus destructeurs de ce nouveau programme furent les suivants\u00a0:<\/p>\n<ul>\n<li>Les p\u00e9riodes d\u2019attentes \u2013 sous le gouvernement Conservateur, les p\u00e9riodes obligatoires d\u2019attente avant de pouvoir demander le pardon ont drastiquement augment\u00e9es.<\/li>\n<li>La loi des 3 chefs \u2013 Cette nouvelle loi emp\u00eache quiconque a plus de trois chefs par mise en accusation d\u2019obtenir un pardon. Esp\u00e9rons que cette fa\u00e7on de faire sera bient\u00f4t r\u00e9vis\u00e9e.<\/li>\n<\/ul>\n<p>Bien que nous ne puissions pas encore fournir de date exacte \u00e0 laquelle ces changements auront lieu, nous pouvons confirmer que le gouvernement Lib\u00e9ral appara\u00eet sinc\u00e8re et motiv\u00e9 dans son d\u00e9sir de solutionner les probl\u00e9matiques engendr\u00e9es par leur pr\u00e9d\u00e9cesseur.<\/p>\n<p>Gr\u00e2ce \u00e0 ce nouveau leadership, la Commission des lib\u00e9rations conditionnelles du Canada a enfin commenc\u00e9 \u00e0 traiter les demandes de pardon qui avaient \u00e9t\u00e9 l\u00e9sin\u00e9es depuis 2012. Ces demandes de pardon avaient \u00e9t\u00e9 soumises juste avant le changement de loi et ont accumul\u00e9 la poussi\u00e8re depuis.<\/p>\n<p>Le bruit court que le Ministre de la S\u00e9curit\u00e9 publique souhaite d\u2019abord finaliser le traitement de ces dossiers, puis proc\u00e9der aux changements annonc\u00e9s.<\/p>\n<p>Esp\u00e9rons qu\u2019avant que 2016 ne se termine, nous aurons un plan clair et confirm\u00e9 de la part du Parlement, mais il se peut que l\u2019on doive attendre la nouvelle ann\u00e9e.<\/p>\n<p>En attendant, si vous pensez entamer vos d\u00e9marches pour demander le pardon prochainement, tenez-vous bien, assurez-vous d\u2019avoir pay\u00e9 vos amendes et d\u00e9buter les d\u00e9marches d\u00e8s que possible pour prendre de l\u2019avance.<\/p>\n<p>&nbsp;<\/p>\n<p>&nbsp;<\/p>\n","protected":false},"excerpt":{"rendered":"<p>Lorsque Stephen Harper a perdu son poste de premier ministre aux derni\u00e8res \u00e9lections, plusieurs membres de la communaut\u00e9 de la justice criminelle ont pouss\u00e9 un soupir de soulagement. Pendant 10 ans, les Conservateurs ont attaqu\u00e9 la loi criminelle canadienne avec un clair d\u00e9dain pour les solutions \u00e9videntes et sensibles. Que ce soit par l\u2019\u00e9limination du [&hellip;]<\/p>\n","protected":false},"author":2,"featured_media":17030,"comment_status":"open","ping_status":"open","sticky":false,"template":"","format":"standard","meta":{"footnotes":""},"categories":[48,59],"tags":[],"class_list":["post-14909","post","type-post","status-publish","format-standard","has-post-thumbnail","hentry","category-pardon-du-canada","category-suspension-du-casier-judiciaire"],"yoast_head":"<!-- This site is optimized with the Yoast SEO plugin v27.4 - https:\/\/yoast.com\/product\/yoast-seo-wordpress\/ -->\n<title>Quand les lois du pardon vont-elles changer ? Les Lib\u00e9raux pr\u00e9voient renverser les lois criminelles des Conservateurs - staging.nationalpardon.org<\/title>\n<meta name=\"robots\" content=\"noindex, follow, max-snippet:-1, max-image-preview:large, max-video-preview:-1\" \/>\n<meta property=\"og:locale\" content=\"en_US\" \/>\n<meta property=\"og:type\" content=\"article\" \/>\n<meta property=\"og:title\" content=\"Quand les lois du pardon vont-elles changer ? Les Lib\u00e9raux pr\u00e9voient renverser les lois criminelles des Conservateurs - staging.nationalpardon.org\" \/>\n<meta property=\"og:description\" content=\"Lorsque Stephen Harper a perdu son poste de premier ministre aux derni\u00e8res \u00e9lections, plusieurs membres de la communaut\u00e9 de la justice criminelle ont pouss\u00e9 un soupir de soulagement. Pendant 10 ans, les Conservateurs ont attaqu\u00e9 la loi criminelle canadienne avec un clair d\u00e9dain pour les solutions \u00e9videntes et sensibles. Que ce soit par l\u2019\u00e9limination du [&hellip;]\" \/>\n<meta property=\"og:url\" content=\"https:\/\/staging.nationalpardon.org\/?p=14909\" \/>\n<meta property=\"og:site_name\" content=\"staging.nationalpardon.org\" \/>\n<meta property=\"article:published_time\" content=\"2016-08-30T14:38:55+00:00\" \/>\n<meta name=\"author\" content=\"National Pardon\" \/>\n<meta name=\"twitter:card\" content=\"summary_large_image\" \/>\n<meta name=\"twitter:label1\" content=\"Written by\" \/>\n\t<meta name=\"twitter:data1\" content=\"National Pardon\" \/>\n\t<meta name=\"twitter:label2\" content=\"Est. reading time\" \/>\n\t<meta name=\"twitter:data2\" content=\"4 minutes\" \/>\n<script type=\"application\/ld+json\" class=\"yoast-schema-graph\">{\"@context\":\"https:\\\/\\\/schema.org\",\"@graph\":[{\"@type\":\"Article\",\"@id\":\"https:\\\/\\\/staging.nationalpardon.org\\\/?p=14909#article\",\"isPartOf\":{\"@id\":\"https:\\\/\\\/staging.nationalpardon.org\\\/?p=14909\"},\"author\":{\"name\":\"National Pardon\",\"@id\":\"https:\\\/\\\/staging.nationalpardon.org\\\/#\\\/schema\\\/person\\\/7d8875ab66fc730533e59e05d71b75ba\"},\"headline\":\"Quand les lois du pardon vont-elles changer ? Les Lib\u00e9raux pr\u00e9voient renverser les lois criminelles des Conservateurs\",\"datePublished\":\"2016-08-30T14:38:55+00:00\",\"mainEntityOfPage\":{\"@id\":\"https:\\\/\\\/staging.nationalpardon.org\\\/?p=14909\"},\"wordCount\":719,\"commentCount\":11,\"image\":{\"@id\":\"https:\\\/\\\/staging.nationalpardon.org\\\/?p=14909#primaryimage\"},\"thumbnailUrl\":\"\",\"articleSection\":[\"Pardon du Canada\",\"Suspension du casier judiciaire\"],\"inLanguage\":\"en-CA\",\"potentialAction\":[{\"@type\":\"CommentAction\",\"name\":\"Comment\",\"target\":[\"https:\\\/\\\/staging.nationalpardon.org\\\/?p=14909#respond\"]}]},{\"@type\":\"WebPage\",\"@id\":\"https:\\\/\\\/staging.nationalpardon.org\\\/?p=14909\",\"url\":\"https:\\\/\\\/staging.nationalpardon.org\\\/?p=14909\",\"name\":\"Quand les lois du pardon vont-elles changer ? Les Lib\u00e9raux pr\u00e9voient renverser les lois criminelles des Conservateurs - staging.nationalpardon.org\",\"isPartOf\":{\"@id\":\"https:\\\/\\\/staging.nationalpardon.org\\\/#website\"},\"primaryImageOfPage\":{\"@id\":\"https:\\\/\\\/staging.nationalpardon.org\\\/?p=14909#primaryimage\"},\"image\":{\"@id\":\"https:\\\/\\\/staging.nationalpardon.org\\\/?p=14909#primaryimage\"},\"thumbnailUrl\":\"\",\"datePublished\":\"2016-08-30T14:38:55+00:00\",\"author\":{\"@id\":\"https:\\\/\\\/staging.nationalpardon.org\\\/#\\\/schema\\\/person\\\/7d8875ab66fc730533e59e05d71b75ba\"},\"breadcrumb\":{\"@id\":\"https:\\\/\\\/staging.nationalpardon.org\\\/?p=14909#breadcrumb\"},\"inLanguage\":\"en-CA\",\"potentialAction\":[{\"@type\":\"ReadAction\",\"target\":[\"https:\\\/\\\/staging.nationalpardon.org\\\/?p=14909\"]}]},{\"@type\":\"ImageObject\",\"inLanguage\":\"en-CA\",\"@id\":\"https:\\\/\\\/staging.nationalpardon.org\\\/?p=14909#primaryimage\",\"url\":\"\",\"contentUrl\":\"\"},{\"@type\":\"BreadcrumbList\",\"@id\":\"https:\\\/\\\/staging.nationalpardon.org\\\/?p=14909#breadcrumb\",\"itemListElement\":[{\"@type\":\"ListItem\",\"position\":1,\"name\":\"Home\",\"item\":\"https:\\\/\\\/staging.nationalpardon.org\\\/\"},{\"@type\":\"ListItem\",\"position\":2,\"name\":\"Quand les lois du pardon vont-elles changer ? Les Lib\u00e9raux pr\u00e9voient renverser les lois criminelles des Conservateurs\"}]},{\"@type\":\"WebSite\",\"@id\":\"https:\\\/\\\/staging.nationalpardon.org\\\/#website\",\"url\":\"https:\\\/\\\/staging.nationalpardon.org\\\/\",\"name\":\"staging.nationalpardon.org\",\"description\":\"\",\"potentialAction\":[{\"@type\":\"SearchAction\",\"target\":{\"@type\":\"EntryPoint\",\"urlTemplate\":\"https:\\\/\\\/staging.nationalpardon.org\\\/?s={search_term_string}\"},\"query-input\":{\"@type\":\"PropertyValueSpecification\",\"valueRequired\":true,\"valueName\":\"search_term_string\"}}],\"inLanguage\":\"en-CA\"},{\"@type\":\"Person\",\"@id\":\"https:\\\/\\\/staging.nationalpardon.org\\\/#\\\/schema\\\/person\\\/7d8875ab66fc730533e59e05d71b75ba\",\"name\":\"National Pardon\",\"image\":{\"@type\":\"ImageObject\",\"inLanguage\":\"en-CA\",\"@id\":\"https:\\\/\\\/secure.gravatar.com\\\/avatar\\\/d55e3ad3ac775d0424d0fabd5ee073c9b71cd7bd352610bb4cc4ff574dc748fe?s=96&d=mm&r=g\",\"url\":\"https:\\\/\\\/secure.gravatar.com\\\/avatar\\\/d55e3ad3ac775d0424d0fabd5ee073c9b71cd7bd352610bb4cc4ff574dc748fe?s=96&d=mm&r=g\",\"contentUrl\":\"https:\\\/\\\/secure.gravatar.com\\\/avatar\\\/d55e3ad3ac775d0424d0fabd5ee073c9b71cd7bd352610bb4cc4ff574dc748fe?s=96&d=mm&r=g\",\"caption\":\"National Pardon\"},\"url\":\"https:\\\/\\\/staging.nationalpardon.org\\\/?author=2\"}]}<\/script>\n<!-- \/ Yoast SEO plugin. -->","yoast_head_json":{"title":"Quand les lois du pardon vont-elles changer ? Les Lib\u00e9raux pr\u00e9voient renverser les lois criminelles des Conservateurs - staging.nationalpardon.org","robots":{"index":"noindex","follow":"follow","max-snippet":"max-snippet:-1","max-image-preview":"max-image-preview:large","max-video-preview":"max-video-preview:-1"},"og_locale":"en_US","og_type":"article","og_title":"Quand les lois du pardon vont-elles changer ? Les Lib\u00e9raux pr\u00e9voient renverser les lois criminelles des Conservateurs - staging.nationalpardon.org","og_description":"Lorsque Stephen Harper a perdu son poste de premier ministre aux derni\u00e8res \u00e9lections, plusieurs membres de la communaut\u00e9 de la justice criminelle ont pouss\u00e9 un soupir de soulagement. Pendant 10 ans, les Conservateurs ont attaqu\u00e9 la loi criminelle canadienne avec un clair d\u00e9dain pour les solutions \u00e9videntes et sensibles. Que ce soit par l\u2019\u00e9limination du [&hellip;]","og_url":"https:\/\/staging.nationalpardon.org\/?p=14909","og_site_name":"staging.nationalpardon.org","article_published_time":"2016-08-30T14:38:55+00:00","author":"National Pardon","twitter_card":"summary_large_image","twitter_misc":{"Written by":"National Pardon","Est. reading time":"4 minutes"},"schema":{"@context":"https:\/\/schema.org","@graph":[{"@type":"Article","@id":"https:\/\/staging.nationalpardon.org\/?p=14909#article","isPartOf":{"@id":"https:\/\/staging.nationalpardon.org\/?p=14909"},"author":{"name":"National Pardon","@id":"https:\/\/staging.nationalpardon.org\/#\/schema\/person\/7d8875ab66fc730533e59e05d71b75ba"},"headline":"Quand les lois du pardon vont-elles changer ? Les Lib\u00e9raux pr\u00e9voient renverser les lois criminelles des Conservateurs","datePublished":"2016-08-30T14:38:55+00:00","mainEntityOfPage":{"@id":"https:\/\/staging.nationalpardon.org\/?p=14909"},"wordCount":719,"commentCount":11,"image":{"@id":"https:\/\/staging.nationalpardon.org\/?p=14909#primaryimage"},"thumbnailUrl":"","articleSection":["Pardon du Canada","Suspension du casier judiciaire"],"inLanguage":"en-CA","potentialAction":[{"@type":"CommentAction","name":"Comment","target":["https:\/\/staging.nationalpardon.org\/?p=14909#respond"]}]},{"@type":"WebPage","@id":"https:\/\/staging.nationalpardon.org\/?p=14909","url":"https:\/\/staging.nationalpardon.org\/?p=14909","name":"Quand les lois du pardon vont-elles changer ? Les Lib\u00e9raux pr\u00e9voient renverser les lois criminelles des Conservateurs - staging.nationalpardon.org","isPartOf":{"@id":"https:\/\/staging.nationalpardon.org\/#website"},"primaryImageOfPage":{"@id":"https:\/\/staging.nationalpardon.org\/?p=14909#primaryimage"},"image":{"@id":"https:\/\/staging.nationalpardon.org\/?p=14909#primaryimage"},"thumbnailUrl":"","datePublished":"2016-08-30T14:38:55+00:00","author":{"@id":"https:\/\/staging.nationalpardon.org\/#\/schema\/person\/7d8875ab66fc730533e59e05d71b75ba"},"breadcrumb":{"@id":"https:\/\/staging.nationalpardon.org\/?p=14909#breadcrumb"},"inLanguage":"en-CA","potentialAction":[{"@type":"ReadAction","target":["https:\/\/staging.nationalpardon.org\/?p=14909"]}]},{"@type":"ImageObject","inLanguage":"en-CA","@id":"https:\/\/staging.nationalpardon.org\/?p=14909#primaryimage","url":"","contentUrl":""},{"@type":"BreadcrumbList","@id":"https:\/\/staging.nationalpardon.org\/?p=14909#breadcrumb","itemListElement":[{"@type":"ListItem","position":1,"name":"Home","item":"https:\/\/staging.nationalpardon.org\/"},{"@type":"ListItem","position":2,"name":"Quand les lois du pardon vont-elles changer ? Les Lib\u00e9raux pr\u00e9voient renverser les lois criminelles des Conservateurs"}]},{"@type":"WebSite","@id":"https:\/\/staging.nationalpardon.org\/#website","url":"https:\/\/staging.nationalpardon.org\/","name":"staging.nationalpardon.org","description":"","potentialAction":[{"@type":"SearchAction","target":{"@type":"EntryPoint","urlTemplate":"https:\/\/staging.nationalpardon.org\/?s={search_term_string}"},"query-input":{"@type":"PropertyValueSpecification","valueRequired":true,"valueName":"search_term_string"}}],"inLanguage":"en-CA"},{"@type":"Person","@id":"https:\/\/staging.nationalpardon.org\/#\/schema\/person\/7d8875ab66fc730533e59e05d71b75ba","name":"National Pardon","image":{"@type":"ImageObject","inLanguage":"en-CA","@id":"https:\/\/secure.gravatar.com\/avatar\/d55e3ad3ac775d0424d0fabd5ee073c9b71cd7bd352610bb4cc4ff574dc748fe?s=96&d=mm&r=g","url":"https:\/\/secure.gravatar.com\/avatar\/d55e3ad3ac775d0424d0fabd5ee073c9b71cd7bd352610bb4cc4ff574dc748fe?s=96&d=mm&r=g","contentUrl":"https:\/\/secure.gravatar.com\/avatar\/d55e3ad3ac775d0424d0fabd5ee073c9b71cd7bd352610bb4cc4ff574dc748fe?s=96&d=mm&r=g","caption":"National Pardon"},"url":"https:\/\/staging.nationalpardon.org\/?author=2"}]}},"_links":{"self":[{"href":"https:\/\/staging.nationalpardon.org\/index.php?rest_route=\/wp\/v2\/posts\/14909","targetHints":{"allow":["GET"]}}],"collection":[{"href":"https:\/\/staging.nationalpardon.org\/index.php?rest_route=\/wp\/v2\/posts"}],"about":[{"href":"https:\/\/staging.nationalpardon.org\/index.php?rest_route=\/wp\/v2\/types\/post"}],"author":[{"embeddable":true,"href":"https:\/\/staging.nationalpardon.org\/index.php?rest_route=\/wp\/v2\/users\/2"}],"replies":[{"embeddable":true,"href":"https:\/\/staging.nationalpardon.org\/index.php?rest_route=%2Fwp%2Fv2%2Fcomments&post=14909"}],"version-history":[{"count":0,"href":"https:\/\/staging.nationalpardon.org\/index.php?rest_route=\/wp\/v2\/posts\/14909\/revisions"}],"wp:featuredmedia":[{"embeddable":true,"href":"https:\/\/staging.nationalpardon.org\/index.php?rest_route=\/"}],"wp:attachment":[{"href":"https:\/\/staging.nationalpardon.org\/index.php?rest_route=%2Fwp%2Fv2%2Fmedia&parent=14909"}],"wp:term":[{"taxonomy":"category","embeddable":true,"href":"https:\/\/staging.nationalpardon.org\/index.php?rest_route=%2Fwp%2Fv2%2Fcategories&post=14909"},{"taxonomy":"post_tag","embeddable":true,"href":"https:\/\/staging.nationalpardon.org\/index.php?rest_route=%2Fwp%2Fv2%2Ftags&post=14909"}],"curies":[{"name":"wp","href":"https:\/\/api.w.org\/{rel}","templated":true}]}}