{"id":14969,"date":"2016-09-20T13:19:28","date_gmt":"2016-09-20T13:19:28","guid":{"rendered":"https:\/\/nationalpardon.org\/?p=14969&amp;lang=fr"},"modified":"2016-09-20T13:19:28","modified_gmt":"2016-09-20T13:19:28","slug":"si-jai-recu-un-pardon-du-gouvernement-canadien-est-ce-que-les-charges-de-mon-dossier-criminel-vont-apparaitre-si-quelquun-fait-une-recherche-sur-moi","status":"publish","type":"post","link":"https:\/\/staging.nationalpardon.org\/?p=14969","title":{"rendered":"Si j\u2019ai re\u00e7u un pardon du gouvernement canadien, est-ce que les charges de mon dossier criminel vont appara\u00eetre si quelqu\u2019un fait une recherche sur moi ?"},"content":{"rendered":"<p>Voil\u00e0 une question que nous recevons souvent au Centre du pardon national et qui a une r\u00e9ponse assez simple. Si vous compl\u00e9tez une demande de pardon et que celui-ci vous est accord\u00e9 par le gouvernement canadien, toute recherche future \u00e0 votre sujet ne donnera AUCUNE information quant \u00e0 vos charges pr\u00e9c\u00e9dentes.<\/p>\n<p>De plus, une v\u00e9rification des ant\u00e9c\u00e9dents judiciaires n\u2019indiquera pas que vous avez d\u00e9j\u00e0 fait une demande de pardon. C\u2019est-\u00e0-dire que le r\u00e9sultat de la recherche sera le m\u00eame que pour quelqu\u2019un qui n\u2019a jamais eu aucun probl\u00e8me avec la police et la loi.<\/p>\n<p>Il y a quelques exceptions \u00e0 cette r\u00e8gle. Par exemple, la police et la Cour ont la permission de garder leurs propres banques de donn\u00e9es concernant les casiers judiciaires. La grande majorit\u00e9 des polices et des cours au Canada vont respecter l\u2019ordre du gouvernement f\u00e9d\u00e9ral et vont d\u00e9truire ou retirer les informations une fois que le pardon est octroy\u00e9 \u00e0 un individu. Toutefois, il y a certaines institutions qui s\u2019y refusent. Donc si quelqu\u2019un fait une recherche sur vous \u00e0 l\u2019un de ces endroits, il est possible que ces informations soient toujours apparentes, m\u00eame si votre pardon a \u00e9t\u00e9 accord\u00e9. Rassurez-vous, ce type de cas est tr\u00e8s rare.<\/p>\n<p>Un autre exemple d\u2019exception est le gouvernement am\u00e9ricain. Les douaniers am\u00e9ricains ont acc\u00e8s aux casiers judiciaires canadiens ; donc s\u2019ils voient que vous avez un casier avant que vous ayez fait votre pardon, ils vont garder cette information dans leur propre syst\u00e8me. Si vous vous trouvez dans cette position, il vous faudra un waiver am\u00e9ricain afin de pouvoir entrer aux \u00c9tats-Unis de nouveau.<\/p>\n<p>Si vous avez d\u2019autres questions concernant la v\u00e9rification des ant\u00e9c\u00e9dents judiciaires, le pardon canadien ou le waiver am\u00e9ricain, nous vous invitons \u00e0 nous contacter au Centre du pardon national.<\/p>\n","protected":false},"excerpt":{"rendered":"<p>Voil\u00e0 une question que nous recevons souvent au Centre du pardon national et qui a une r\u00e9ponse assez simple. Si vous compl\u00e9tez une demande de pardon et que celui-ci vous est accord\u00e9 par le gouvernement canadien, toute recherche future \u00e0 votre sujet ne donnera AUCUNE information quant \u00e0 vos charges pr\u00e9c\u00e9dentes. De plus, une v\u00e9rification [&hellip;]<\/p>\n","protected":false},"author":2,"featured_media":17030,"comment_status":"open","ping_status":"open","sticky":false,"template":"","format":"standard","meta":{"footnotes":""},"categories":[48],"tags":[],"class_list":["post-14969","post","type-post","status-publish","format-standard","has-post-thumbnail","hentry","category-pardon-du-canada"],"yoast_head":"<!-- This site is optimized with the Yoast SEO plugin v27.4 - https:\/\/yoast.com\/product\/yoast-seo-wordpress\/ -->\n<title>Pardon du Canada et les charges de mon dossier | Pardon National<\/title>\n<meta name=\"robots\" content=\"noindex, follow, max-snippet:-1, max-image-preview:large, max-video-preview:-1\" \/>\n<meta property=\"og:locale\" content=\"en_US\" \/>\n<meta property=\"og:type\" content=\"article\" \/>\n<meta property=\"og:title\" content=\"Pardon du Canada et les charges de mon dossier | Pardon National\" \/>\n<meta property=\"og:description\" content=\"Voil\u00e0 une question que nous recevons souvent au Centre du pardon national et qui a une r\u00e9ponse assez simple. Si vous compl\u00e9tez une demande de pardon et que celui-ci vous est accord\u00e9 par le gouvernement canadien, toute recherche future \u00e0 votre sujet ne donnera AUCUNE information quant \u00e0 vos charges pr\u00e9c\u00e9dentes. De plus, une v\u00e9rification [&hellip;]\" \/>\n<meta property=\"og:url\" content=\"https:\/\/staging.nationalpardon.org\/?p=14969\" \/>\n<meta property=\"og:site_name\" content=\"staging.nationalpardon.org\" \/>\n<meta property=\"article:published_time\" content=\"2016-09-20T13:19:28+00:00\" \/>\n<meta name=\"author\" content=\"National Pardon\" \/>\n<meta name=\"twitter:card\" content=\"summary_large_image\" \/>\n<meta name=\"twitter:label1\" content=\"Written by\" \/>\n\t<meta name=\"twitter:data1\" content=\"National Pardon\" \/>\n\t<meta name=\"twitter:label2\" content=\"Est. reading time\" \/>\n\t<meta name=\"twitter:data2\" content=\"2 minutes\" \/>\n<script type=\"application\/ld+json\" class=\"yoast-schema-graph\">{\"@context\":\"https:\\\/\\\/schema.org\",\"@graph\":[{\"@type\":\"Article\",\"@id\":\"https:\\\/\\\/staging.nationalpardon.org\\\/?p=14969#article\",\"isPartOf\":{\"@id\":\"https:\\\/\\\/staging.nationalpardon.org\\\/?p=14969\"},\"author\":{\"name\":\"National Pardon\",\"@id\":\"https:\\\/\\\/staging.nationalpardon.org\\\/#\\\/schema\\\/person\\\/7d8875ab66fc730533e59e05d71b75ba\"},\"headline\":\"Si j\u2019ai re\u00e7u un pardon du gouvernement canadien, est-ce que les charges de mon dossier criminel vont appara\u00eetre si quelqu\u2019un fait une recherche sur moi ?\",\"datePublished\":\"2016-09-20T13:19:28+00:00\",\"mainEntityOfPage\":{\"@id\":\"https:\\\/\\\/staging.nationalpardon.org\\\/?p=14969\"},\"wordCount\":355,\"commentCount\":2,\"image\":{\"@id\":\"https:\\\/\\\/staging.nationalpardon.org\\\/?p=14969#primaryimage\"},\"thumbnailUrl\":\"\",\"articleSection\":[\"Pardon du Canada\"],\"inLanguage\":\"en-CA\",\"potentialAction\":[{\"@type\":\"CommentAction\",\"name\":\"Comment\",\"target\":[\"https:\\\/\\\/staging.nationalpardon.org\\\/?p=14969#respond\"]}]},{\"@type\":\"WebPage\",\"@id\":\"https:\\\/\\\/staging.nationalpardon.org\\\/?p=14969\",\"url\":\"https:\\\/\\\/staging.nationalpardon.org\\\/?p=14969\",\"name\":\"Pardon du Canada et les charges de mon dossier | Pardon National\",\"isPartOf\":{\"@id\":\"https:\\\/\\\/staging.nationalpardon.org\\\/#website\"},\"primaryImageOfPage\":{\"@id\":\"https:\\\/\\\/staging.nationalpardon.org\\\/?p=14969#primaryimage\"},\"image\":{\"@id\":\"https:\\\/\\\/staging.nationalpardon.org\\\/?p=14969#primaryimage\"},\"thumbnailUrl\":\"\",\"datePublished\":\"2016-09-20T13:19:28+00:00\",\"author\":{\"@id\":\"https:\\\/\\\/staging.nationalpardon.org\\\/#\\\/schema\\\/person\\\/7d8875ab66fc730533e59e05d71b75ba\"},\"breadcrumb\":{\"@id\":\"https:\\\/\\\/staging.nationalpardon.org\\\/?p=14969#breadcrumb\"},\"inLanguage\":\"en-CA\",\"potentialAction\":[{\"@type\":\"ReadAction\",\"target\":[\"https:\\\/\\\/staging.nationalpardon.org\\\/?p=14969\"]}]},{\"@type\":\"ImageObject\",\"inLanguage\":\"en-CA\",\"@id\":\"https:\\\/\\\/staging.nationalpardon.org\\\/?p=14969#primaryimage\",\"url\":\"\",\"contentUrl\":\"\"},{\"@type\":\"BreadcrumbList\",\"@id\":\"https:\\\/\\\/staging.nationalpardon.org\\\/?p=14969#breadcrumb\",\"itemListElement\":[{\"@type\":\"ListItem\",\"position\":1,\"name\":\"Home\",\"item\":\"https:\\\/\\\/staging.nationalpardon.org\\\/\"},{\"@type\":\"ListItem\",\"position\":2,\"name\":\"Si j\u2019ai re\u00e7u un pardon du gouvernement canadien, est-ce que les charges de mon dossier criminel vont appara\u00eetre si quelqu\u2019un fait une recherche sur moi ?\"}]},{\"@type\":\"WebSite\",\"@id\":\"https:\\\/\\\/staging.nationalpardon.org\\\/#website\",\"url\":\"https:\\\/\\\/staging.nationalpardon.org\\\/\",\"name\":\"staging.nationalpardon.org\",\"description\":\"\",\"potentialAction\":[{\"@type\":\"SearchAction\",\"target\":{\"@type\":\"EntryPoint\",\"urlTemplate\":\"https:\\\/\\\/staging.nationalpardon.org\\\/?s={search_term_string}\"},\"query-input\":{\"@type\":\"PropertyValueSpecification\",\"valueRequired\":true,\"valueName\":\"search_term_string\"}}],\"inLanguage\":\"en-CA\"},{\"@type\":\"Person\",\"@id\":\"https:\\\/\\\/staging.nationalpardon.org\\\/#\\\/schema\\\/person\\\/7d8875ab66fc730533e59e05d71b75ba\",\"name\":\"National Pardon\",\"image\":{\"@type\":\"ImageObject\",\"inLanguage\":\"en-CA\",\"@id\":\"https:\\\/\\\/secure.gravatar.com\\\/avatar\\\/d55e3ad3ac775d0424d0fabd5ee073c9b71cd7bd352610bb4cc4ff574dc748fe?s=96&d=mm&r=g\",\"url\":\"https:\\\/\\\/secure.gravatar.com\\\/avatar\\\/d55e3ad3ac775d0424d0fabd5ee073c9b71cd7bd352610bb4cc4ff574dc748fe?s=96&d=mm&r=g\",\"contentUrl\":\"https:\\\/\\\/secure.gravatar.com\\\/avatar\\\/d55e3ad3ac775d0424d0fabd5ee073c9b71cd7bd352610bb4cc4ff574dc748fe?s=96&d=mm&r=g\",\"caption\":\"National Pardon\"},\"url\":\"https:\\\/\\\/staging.nationalpardon.org\\\/?author=2\"}]}<\/script>\n<!-- \/ Yoast SEO plugin. -->","yoast_head_json":{"title":"Pardon du Canada et les charges de mon dossier | Pardon National","robots":{"index":"noindex","follow":"follow","max-snippet":"max-snippet:-1","max-image-preview":"max-image-preview:large","max-video-preview":"max-video-preview:-1"},"og_locale":"en_US","og_type":"article","og_title":"Pardon du Canada et les charges de mon dossier | Pardon National","og_description":"Voil\u00e0 une question que nous recevons souvent au Centre du pardon national et qui a une r\u00e9ponse assez simple. Si vous compl\u00e9tez une demande de pardon et que celui-ci vous est accord\u00e9 par le gouvernement canadien, toute recherche future \u00e0 votre sujet ne donnera AUCUNE information quant \u00e0 vos charges pr\u00e9c\u00e9dentes. De plus, une v\u00e9rification [&hellip;]","og_url":"https:\/\/staging.nationalpardon.org\/?p=14969","og_site_name":"staging.nationalpardon.org","article_published_time":"2016-09-20T13:19:28+00:00","author":"National Pardon","twitter_card":"summary_large_image","twitter_misc":{"Written by":"National Pardon","Est. reading time":"2 minutes"},"schema":{"@context":"https:\/\/schema.org","@graph":[{"@type":"Article","@id":"https:\/\/staging.nationalpardon.org\/?p=14969#article","isPartOf":{"@id":"https:\/\/staging.nationalpardon.org\/?p=14969"},"author":{"name":"National Pardon","@id":"https:\/\/staging.nationalpardon.org\/#\/schema\/person\/7d8875ab66fc730533e59e05d71b75ba"},"headline":"Si j\u2019ai re\u00e7u un pardon du gouvernement canadien, est-ce que les charges de mon dossier criminel vont appara\u00eetre si quelqu\u2019un fait une recherche sur moi ?","datePublished":"2016-09-20T13:19:28+00:00","mainEntityOfPage":{"@id":"https:\/\/staging.nationalpardon.org\/?p=14969"},"wordCount":355,"commentCount":2,"image":{"@id":"https:\/\/staging.nationalpardon.org\/?p=14969#primaryimage"},"thumbnailUrl":"","articleSection":["Pardon du Canada"],"inLanguage":"en-CA","potentialAction":[{"@type":"CommentAction","name":"Comment","target":["https:\/\/staging.nationalpardon.org\/?p=14969#respond"]}]},{"@type":"WebPage","@id":"https:\/\/staging.nationalpardon.org\/?p=14969","url":"https:\/\/staging.nationalpardon.org\/?p=14969","name":"Pardon du Canada et les charges de mon dossier | Pardon National","isPartOf":{"@id":"https:\/\/staging.nationalpardon.org\/#website"},"primaryImageOfPage":{"@id":"https:\/\/staging.nationalpardon.org\/?p=14969#primaryimage"},"image":{"@id":"https:\/\/staging.nationalpardon.org\/?p=14969#primaryimage"},"thumbnailUrl":"","datePublished":"2016-09-20T13:19:28+00:00","author":{"@id":"https:\/\/staging.nationalpardon.org\/#\/schema\/person\/7d8875ab66fc730533e59e05d71b75ba"},"breadcrumb":{"@id":"https:\/\/staging.nationalpardon.org\/?p=14969#breadcrumb"},"inLanguage":"en-CA","potentialAction":[{"@type":"ReadAction","target":["https:\/\/staging.nationalpardon.org\/?p=14969"]}]},{"@type":"ImageObject","inLanguage":"en-CA","@id":"https:\/\/staging.nationalpardon.org\/?p=14969#primaryimage","url":"","contentUrl":""},{"@type":"BreadcrumbList","@id":"https:\/\/staging.nationalpardon.org\/?p=14969#breadcrumb","itemListElement":[{"@type":"ListItem","position":1,"name":"Home","item":"https:\/\/staging.nationalpardon.org\/"},{"@type":"ListItem","position":2,"name":"Si j\u2019ai re\u00e7u un pardon du gouvernement canadien, est-ce que les charges de mon dossier criminel vont appara\u00eetre si quelqu\u2019un fait une recherche sur moi ?"}]},{"@type":"WebSite","@id":"https:\/\/staging.nationalpardon.org\/#website","url":"https:\/\/staging.nationalpardon.org\/","name":"staging.nationalpardon.org","description":"","potentialAction":[{"@type":"SearchAction","target":{"@type":"EntryPoint","urlTemplate":"https:\/\/staging.nationalpardon.org\/?s={search_term_string}"},"query-input":{"@type":"PropertyValueSpecification","valueRequired":true,"valueName":"search_term_string"}}],"inLanguage":"en-CA"},{"@type":"Person","@id":"https:\/\/staging.nationalpardon.org\/#\/schema\/person\/7d8875ab66fc730533e59e05d71b75ba","name":"National Pardon","image":{"@type":"ImageObject","inLanguage":"en-CA","@id":"https:\/\/secure.gravatar.com\/avatar\/d55e3ad3ac775d0424d0fabd5ee073c9b71cd7bd352610bb4cc4ff574dc748fe?s=96&d=mm&r=g","url":"https:\/\/secure.gravatar.com\/avatar\/d55e3ad3ac775d0424d0fabd5ee073c9b71cd7bd352610bb4cc4ff574dc748fe?s=96&d=mm&r=g","contentUrl":"https:\/\/secure.gravatar.com\/avatar\/d55e3ad3ac775d0424d0fabd5ee073c9b71cd7bd352610bb4cc4ff574dc748fe?s=96&d=mm&r=g","caption":"National Pardon"},"url":"https:\/\/staging.nationalpardon.org\/?author=2"}]}},"_links":{"self":[{"href":"https:\/\/staging.nationalpardon.org\/index.php?rest_route=\/wp\/v2\/posts\/14969","targetHints":{"allow":["GET"]}}],"collection":[{"href":"https:\/\/staging.nationalpardon.org\/index.php?rest_route=\/wp\/v2\/posts"}],"about":[{"href":"https:\/\/staging.nationalpardon.org\/index.php?rest_route=\/wp\/v2\/types\/post"}],"author":[{"embeddable":true,"href":"https:\/\/staging.nationalpardon.org\/index.php?rest_route=\/wp\/v2\/users\/2"}],"replies":[{"embeddable":true,"href":"https:\/\/staging.nationalpardon.org\/index.php?rest_route=%2Fwp%2Fv2%2Fcomments&post=14969"}],"version-history":[{"count":0,"href":"https:\/\/staging.nationalpardon.org\/index.php?rest_route=\/wp\/v2\/posts\/14969\/revisions"}],"wp:featuredmedia":[{"embeddable":true,"href":"https:\/\/staging.nationalpardon.org\/index.php?rest_route=\/"}],"wp:attachment":[{"href":"https:\/\/staging.nationalpardon.org\/index.php?rest_route=%2Fwp%2Fv2%2Fmedia&parent=14969"}],"wp:term":[{"taxonomy":"category","embeddable":true,"href":"https:\/\/staging.nationalpardon.org\/index.php?rest_route=%2Fwp%2Fv2%2Fcategories&post=14969"},{"taxonomy":"post_tag","embeddable":true,"href":"https:\/\/staging.nationalpardon.org\/index.php?rest_route=%2Fwp%2Fv2%2Ftags&post=14969"}],"curies":[{"name":"wp","href":"https:\/\/api.w.org\/{rel}","templated":true}]}}