{"id":15023,"date":"2016-10-06T15:11:31","date_gmt":"2016-10-06T15:11:31","guid":{"rendered":"https:\/\/nationalpardon.org\/?p=15023&amp;lang=fr"},"modified":"2016-10-06T15:11:31","modified_gmt":"2016-10-06T15:11:31","slug":"la-commission-des-liberations-conditionnelles-du-canada-prevoit-en-avoir-fini-avec-larriere-de-travail-dici-mars-2017","status":"publish","type":"post","link":"https:\/\/staging.nationalpardon.org\/?p=15023","title":{"rendered":"La Commission des lib\u00e9rations conditionnelles du Canada pr\u00e9voit en avoir fini avec l\u2019arri\u00e9r\u00e9 de travail d\u2019ici mars 2017"},"content":{"rendered":"<p>La Commission des lib\u00e9rations conditionnelles du Canada a annonc\u00e9 qu\u2019elle aura fini de traiter les <a href=\"\/?page_id=5085&amp;lang=fr\">demandes de pardon<\/a> prises dans l\u2019arri\u00e9r\u00e9 de travail d\u2019ici le mois de mars 2017. Cet arri\u00e9r\u00e9 de travail a \u00e9t\u00e9 cr\u00e9\u00e9 par le pr\u00e9c\u00e9dent gouvernement Conservateur quand celui-ci a vot\u00e9 des lois qui ont rendu l\u2019acc\u00e8s au pardon beaucoup plus difficile.<\/p>\n<p>Le r\u00e9sultat ? Un arri\u00e9r\u00e9 de travail qui a retard\u00e9 la demande de pardon de plusieurs personnes et ce, m\u00eame si leur demande avait \u00e9t\u00e9 soumise avant que ces lois ne soient adopt\u00e9es. C\u2019est injuste que ces demandes soient trait\u00e9es sous une nouvelle loi alors qu\u2019elles avaient \u00e9t\u00e9 pr\u00e9par\u00e9es et con\u00e7ues selon l\u2019ancienne. Mais cela n\u2019avait pas l\u2019air de d\u00e9ranger la Commission des lib\u00e9rations conditionnelles du Canada\u2026<\/p>\n<p>\u00c0 un certain moment, le nombre de demandeurs pris dans cette situation \u00e9tait de 22 000.<\/p>\n<p>Heureusement de nos jours, gr\u00e2ce \u00e0 la <em>Loi sur les frais d\u2019utilisation<\/em>, la Commission se doit de respecter certaines r\u00e8gles. C\u2019est-\u00e0-dire qu\u2019elle ne peut pas d\u00e9passer un temps maximum pour r\u00e9viser et donner sa r\u00e9ponse \u00e0 propos d\u2019une demande de pardon.<\/p>\n<p>Les nouveaux d\u00e9lais vont comme suit. Veuillez prendre en note que ces d\u00e9lais d\u00e9butent APR\u00c8S que la demande de pardon ait \u00e9t\u00e9 pr\u00e9par\u00e9e et d\u00e9pos\u00e9e, ce qui peut prendre des mois.<\/p>\n<ul>\n<li>Jusqu\u2019\u00e0 6 mois pour une infraction de proc\u00e9dure sommaire<\/li>\n<li>Jusqu\u2019\u00e0 12 mois pour une infraction de mise en accusation<\/li>\n<li>Jusqu\u2019\u00e0 24 mois si la Commission propose de refuser votre demande<\/li>\n<\/ul>\n<p><strong>Pour plus d&#8217;informations:<\/strong><\/p>\n<p>https:\/\/www.canada.ca\/en\/parole-board\/services\/record-suspensions\/update-on-the-pardons-backlog.html<\/p>\n<p>&nbsp;<\/p>\n<p>&nbsp;<\/p>\n<p>&nbsp;<\/p>\n","protected":false},"excerpt":{"rendered":"<p>La Commission des lib\u00e9rations conditionnelles du Canada a annonc\u00e9 qu\u2019elle aura fini de traiter les demandes de pardon prises dans l\u2019arri\u00e9r\u00e9 de travail d\u2019ici le mois de mars 2017. Cet arri\u00e9r\u00e9 de travail a \u00e9t\u00e9 cr\u00e9\u00e9 par le pr\u00e9c\u00e9dent gouvernement Conservateur quand celui-ci a vot\u00e9 des lois qui ont rendu l\u2019acc\u00e8s au pardon beaucoup plus [&hellip;]<\/p>\n","protected":false},"author":2,"featured_media":17030,"comment_status":"open","ping_status":"open","sticky":false,"template":"","format":"standard","meta":{"footnotes":""},"categories":[48,59],"tags":[],"class_list":["post-15023","post","type-post","status-publish","format-standard","has-post-thumbnail","hentry","category-pardon-du-canada","category-suspension-du-casier-judiciaire"],"yoast_head":"<!-- This site is optimized with the Yoast SEO plugin v27.4 - https:\/\/yoast.com\/product\/yoast-seo-wordpress\/ -->\n<title>La Commission des lib\u00e9rations conditionnelles du Canada pr\u00e9voit en avoir fini avec l\u2019arri\u00e9r\u00e9 de travail d\u2019ici mars 2017 - staging.nationalpardon.org<\/title>\n<meta name=\"robots\" content=\"noindex, follow, max-snippet:-1, max-image-preview:large, max-video-preview:-1\" \/>\n<meta property=\"og:locale\" content=\"en_US\" \/>\n<meta property=\"og:type\" content=\"article\" \/>\n<meta property=\"og:title\" content=\"La Commission des lib\u00e9rations conditionnelles du Canada pr\u00e9voit en avoir fini avec l\u2019arri\u00e9r\u00e9 de travail d\u2019ici mars 2017 - staging.nationalpardon.org\" \/>\n<meta property=\"og:description\" content=\"La Commission des lib\u00e9rations conditionnelles du Canada a annonc\u00e9 qu\u2019elle aura fini de traiter les demandes de pardon prises dans l\u2019arri\u00e9r\u00e9 de travail d\u2019ici le mois de mars 2017. Cet arri\u00e9r\u00e9 de travail a \u00e9t\u00e9 cr\u00e9\u00e9 par le pr\u00e9c\u00e9dent gouvernement Conservateur quand celui-ci a vot\u00e9 des lois qui ont rendu l\u2019acc\u00e8s au pardon beaucoup plus [&hellip;]\" \/>\n<meta property=\"og:url\" content=\"https:\/\/staging.nationalpardon.org\/?p=15023\" \/>\n<meta property=\"og:site_name\" content=\"staging.nationalpardon.org\" \/>\n<meta property=\"article:published_time\" content=\"2016-10-06T15:11:31+00:00\" \/>\n<meta name=\"author\" content=\"National Pardon\" \/>\n<meta name=\"twitter:card\" content=\"summary_large_image\" \/>\n<meta name=\"twitter:label1\" content=\"Written by\" \/>\n\t<meta name=\"twitter:data1\" content=\"National Pardon\" \/>\n\t<meta name=\"twitter:label2\" content=\"Est. reading time\" \/>\n\t<meta name=\"twitter:data2\" content=\"1 minute\" \/>\n<script type=\"application\/ld+json\" class=\"yoast-schema-graph\">{\"@context\":\"https:\\\/\\\/schema.org\",\"@graph\":[{\"@type\":\"Article\",\"@id\":\"https:\\\/\\\/staging.nationalpardon.org\\\/?p=15023#article\",\"isPartOf\":{\"@id\":\"https:\\\/\\\/staging.nationalpardon.org\\\/?p=15023\"},\"author\":{\"name\":\"National Pardon\",\"@id\":\"https:\\\/\\\/staging.nationalpardon.org\\\/#\\\/schema\\\/person\\\/7d8875ab66fc730533e59e05d71b75ba\"},\"headline\":\"La Commission des lib\u00e9rations conditionnelles du Canada pr\u00e9voit en avoir fini avec l\u2019arri\u00e9r\u00e9 de travail d\u2019ici mars 2017\",\"datePublished\":\"2016-10-06T15:11:31+00:00\",\"mainEntityOfPage\":{\"@id\":\"https:\\\/\\\/staging.nationalpardon.org\\\/?p=15023\"},\"wordCount\":314,\"commentCount\":0,\"image\":{\"@id\":\"https:\\\/\\\/staging.nationalpardon.org\\\/?p=15023#primaryimage\"},\"thumbnailUrl\":\"\",\"articleSection\":[\"Pardon du Canada\",\"Suspension du casier judiciaire\"],\"inLanguage\":\"en-CA\",\"potentialAction\":[{\"@type\":\"CommentAction\",\"name\":\"Comment\",\"target\":[\"https:\\\/\\\/staging.nationalpardon.org\\\/?p=15023#respond\"]}]},{\"@type\":\"WebPage\",\"@id\":\"https:\\\/\\\/staging.nationalpardon.org\\\/?p=15023\",\"url\":\"https:\\\/\\\/staging.nationalpardon.org\\\/?p=15023\",\"name\":\"La Commission des lib\u00e9rations conditionnelles du Canada pr\u00e9voit en avoir fini avec l\u2019arri\u00e9r\u00e9 de travail d\u2019ici mars 2017 - staging.nationalpardon.org\",\"isPartOf\":{\"@id\":\"https:\\\/\\\/staging.nationalpardon.org\\\/#website\"},\"primaryImageOfPage\":{\"@id\":\"https:\\\/\\\/staging.nationalpardon.org\\\/?p=15023#primaryimage\"},\"image\":{\"@id\":\"https:\\\/\\\/staging.nationalpardon.org\\\/?p=15023#primaryimage\"},\"thumbnailUrl\":\"\",\"datePublished\":\"2016-10-06T15:11:31+00:00\",\"author\":{\"@id\":\"https:\\\/\\\/staging.nationalpardon.org\\\/#\\\/schema\\\/person\\\/7d8875ab66fc730533e59e05d71b75ba\"},\"breadcrumb\":{\"@id\":\"https:\\\/\\\/staging.nationalpardon.org\\\/?p=15023#breadcrumb\"},\"inLanguage\":\"en-CA\",\"potentialAction\":[{\"@type\":\"ReadAction\",\"target\":[\"https:\\\/\\\/staging.nationalpardon.org\\\/?p=15023\"]}]},{\"@type\":\"ImageObject\",\"inLanguage\":\"en-CA\",\"@id\":\"https:\\\/\\\/staging.nationalpardon.org\\\/?p=15023#primaryimage\",\"url\":\"\",\"contentUrl\":\"\"},{\"@type\":\"BreadcrumbList\",\"@id\":\"https:\\\/\\\/staging.nationalpardon.org\\\/?p=15023#breadcrumb\",\"itemListElement\":[{\"@type\":\"ListItem\",\"position\":1,\"name\":\"Home\",\"item\":\"https:\\\/\\\/staging.nationalpardon.org\\\/\"},{\"@type\":\"ListItem\",\"position\":2,\"name\":\"La Commission des lib\u00e9rations conditionnelles du Canada pr\u00e9voit en avoir fini avec l\u2019arri\u00e9r\u00e9 de travail d\u2019ici mars 2017\"}]},{\"@type\":\"WebSite\",\"@id\":\"https:\\\/\\\/staging.nationalpardon.org\\\/#website\",\"url\":\"https:\\\/\\\/staging.nationalpardon.org\\\/\",\"name\":\"staging.nationalpardon.org\",\"description\":\"\",\"potentialAction\":[{\"@type\":\"SearchAction\",\"target\":{\"@type\":\"EntryPoint\",\"urlTemplate\":\"https:\\\/\\\/staging.nationalpardon.org\\\/?s={search_term_string}\"},\"query-input\":{\"@type\":\"PropertyValueSpecification\",\"valueRequired\":true,\"valueName\":\"search_term_string\"}}],\"inLanguage\":\"en-CA\"},{\"@type\":\"Person\",\"@id\":\"https:\\\/\\\/staging.nationalpardon.org\\\/#\\\/schema\\\/person\\\/7d8875ab66fc730533e59e05d71b75ba\",\"name\":\"National Pardon\",\"image\":{\"@type\":\"ImageObject\",\"inLanguage\":\"en-CA\",\"@id\":\"https:\\\/\\\/secure.gravatar.com\\\/avatar\\\/d55e3ad3ac775d0424d0fabd5ee073c9b71cd7bd352610bb4cc4ff574dc748fe?s=96&d=mm&r=g\",\"url\":\"https:\\\/\\\/secure.gravatar.com\\\/avatar\\\/d55e3ad3ac775d0424d0fabd5ee073c9b71cd7bd352610bb4cc4ff574dc748fe?s=96&d=mm&r=g\",\"contentUrl\":\"https:\\\/\\\/secure.gravatar.com\\\/avatar\\\/d55e3ad3ac775d0424d0fabd5ee073c9b71cd7bd352610bb4cc4ff574dc748fe?s=96&d=mm&r=g\",\"caption\":\"National Pardon\"},\"url\":\"https:\\\/\\\/staging.nationalpardon.org\\\/?author=2\"}]}<\/script>\n<!-- \/ Yoast SEO plugin. -->","yoast_head_json":{"title":"La Commission des lib\u00e9rations conditionnelles du Canada pr\u00e9voit en avoir fini avec l\u2019arri\u00e9r\u00e9 de travail d\u2019ici mars 2017 - staging.nationalpardon.org","robots":{"index":"noindex","follow":"follow","max-snippet":"max-snippet:-1","max-image-preview":"max-image-preview:large","max-video-preview":"max-video-preview:-1"},"og_locale":"en_US","og_type":"article","og_title":"La Commission des lib\u00e9rations conditionnelles du Canada pr\u00e9voit en avoir fini avec l\u2019arri\u00e9r\u00e9 de travail d\u2019ici mars 2017 - staging.nationalpardon.org","og_description":"La Commission des lib\u00e9rations conditionnelles du Canada a annonc\u00e9 qu\u2019elle aura fini de traiter les demandes de pardon prises dans l\u2019arri\u00e9r\u00e9 de travail d\u2019ici le mois de mars 2017. Cet arri\u00e9r\u00e9 de travail a \u00e9t\u00e9 cr\u00e9\u00e9 par le pr\u00e9c\u00e9dent gouvernement Conservateur quand celui-ci a vot\u00e9 des lois qui ont rendu l\u2019acc\u00e8s au pardon beaucoup plus [&hellip;]","og_url":"https:\/\/staging.nationalpardon.org\/?p=15023","og_site_name":"staging.nationalpardon.org","article_published_time":"2016-10-06T15:11:31+00:00","author":"National Pardon","twitter_card":"summary_large_image","twitter_misc":{"Written by":"National Pardon","Est. reading time":"1 minute"},"schema":{"@context":"https:\/\/schema.org","@graph":[{"@type":"Article","@id":"https:\/\/staging.nationalpardon.org\/?p=15023#article","isPartOf":{"@id":"https:\/\/staging.nationalpardon.org\/?p=15023"},"author":{"name":"National Pardon","@id":"https:\/\/staging.nationalpardon.org\/#\/schema\/person\/7d8875ab66fc730533e59e05d71b75ba"},"headline":"La Commission des lib\u00e9rations conditionnelles du Canada pr\u00e9voit en avoir fini avec l\u2019arri\u00e9r\u00e9 de travail d\u2019ici mars 2017","datePublished":"2016-10-06T15:11:31+00:00","mainEntityOfPage":{"@id":"https:\/\/staging.nationalpardon.org\/?p=15023"},"wordCount":314,"commentCount":0,"image":{"@id":"https:\/\/staging.nationalpardon.org\/?p=15023#primaryimage"},"thumbnailUrl":"","articleSection":["Pardon du Canada","Suspension du casier judiciaire"],"inLanguage":"en-CA","potentialAction":[{"@type":"CommentAction","name":"Comment","target":["https:\/\/staging.nationalpardon.org\/?p=15023#respond"]}]},{"@type":"WebPage","@id":"https:\/\/staging.nationalpardon.org\/?p=15023","url":"https:\/\/staging.nationalpardon.org\/?p=15023","name":"La Commission des lib\u00e9rations conditionnelles du Canada pr\u00e9voit en avoir fini avec l\u2019arri\u00e9r\u00e9 de travail d\u2019ici mars 2017 - staging.nationalpardon.org","isPartOf":{"@id":"https:\/\/staging.nationalpardon.org\/#website"},"primaryImageOfPage":{"@id":"https:\/\/staging.nationalpardon.org\/?p=15023#primaryimage"},"image":{"@id":"https:\/\/staging.nationalpardon.org\/?p=15023#primaryimage"},"thumbnailUrl":"","datePublished":"2016-10-06T15:11:31+00:00","author":{"@id":"https:\/\/staging.nationalpardon.org\/#\/schema\/person\/7d8875ab66fc730533e59e05d71b75ba"},"breadcrumb":{"@id":"https:\/\/staging.nationalpardon.org\/?p=15023#breadcrumb"},"inLanguage":"en-CA","potentialAction":[{"@type":"ReadAction","target":["https:\/\/staging.nationalpardon.org\/?p=15023"]}]},{"@type":"ImageObject","inLanguage":"en-CA","@id":"https:\/\/staging.nationalpardon.org\/?p=15023#primaryimage","url":"","contentUrl":""},{"@type":"BreadcrumbList","@id":"https:\/\/staging.nationalpardon.org\/?p=15023#breadcrumb","itemListElement":[{"@type":"ListItem","position":1,"name":"Home","item":"https:\/\/staging.nationalpardon.org\/"},{"@type":"ListItem","position":2,"name":"La Commission des lib\u00e9rations conditionnelles du Canada pr\u00e9voit en avoir fini avec l\u2019arri\u00e9r\u00e9 de travail d\u2019ici mars 2017"}]},{"@type":"WebSite","@id":"https:\/\/staging.nationalpardon.org\/#website","url":"https:\/\/staging.nationalpardon.org\/","name":"staging.nationalpardon.org","description":"","potentialAction":[{"@type":"SearchAction","target":{"@type":"EntryPoint","urlTemplate":"https:\/\/staging.nationalpardon.org\/?s={search_term_string}"},"query-input":{"@type":"PropertyValueSpecification","valueRequired":true,"valueName":"search_term_string"}}],"inLanguage":"en-CA"},{"@type":"Person","@id":"https:\/\/staging.nationalpardon.org\/#\/schema\/person\/7d8875ab66fc730533e59e05d71b75ba","name":"National Pardon","image":{"@type":"ImageObject","inLanguage":"en-CA","@id":"https:\/\/secure.gravatar.com\/avatar\/d55e3ad3ac775d0424d0fabd5ee073c9b71cd7bd352610bb4cc4ff574dc748fe?s=96&d=mm&r=g","url":"https:\/\/secure.gravatar.com\/avatar\/d55e3ad3ac775d0424d0fabd5ee073c9b71cd7bd352610bb4cc4ff574dc748fe?s=96&d=mm&r=g","contentUrl":"https:\/\/secure.gravatar.com\/avatar\/d55e3ad3ac775d0424d0fabd5ee073c9b71cd7bd352610bb4cc4ff574dc748fe?s=96&d=mm&r=g","caption":"National Pardon"},"url":"https:\/\/staging.nationalpardon.org\/?author=2"}]}},"_links":{"self":[{"href":"https:\/\/staging.nationalpardon.org\/index.php?rest_route=\/wp\/v2\/posts\/15023","targetHints":{"allow":["GET"]}}],"collection":[{"href":"https:\/\/staging.nationalpardon.org\/index.php?rest_route=\/wp\/v2\/posts"}],"about":[{"href":"https:\/\/staging.nationalpardon.org\/index.php?rest_route=\/wp\/v2\/types\/post"}],"author":[{"embeddable":true,"href":"https:\/\/staging.nationalpardon.org\/index.php?rest_route=\/wp\/v2\/users\/2"}],"replies":[{"embeddable":true,"href":"https:\/\/staging.nationalpardon.org\/index.php?rest_route=%2Fwp%2Fv2%2Fcomments&post=15023"}],"version-history":[{"count":0,"href":"https:\/\/staging.nationalpardon.org\/index.php?rest_route=\/wp\/v2\/posts\/15023\/revisions"}],"wp:featuredmedia":[{"embeddable":true,"href":"https:\/\/staging.nationalpardon.org\/index.php?rest_route=\/"}],"wp:attachment":[{"href":"https:\/\/staging.nationalpardon.org\/index.php?rest_route=%2Fwp%2Fv2%2Fmedia&parent=15023"}],"wp:term":[{"taxonomy":"category","embeddable":true,"href":"https:\/\/staging.nationalpardon.org\/index.php?rest_route=%2Fwp%2Fv2%2Fcategories&post=15023"},{"taxonomy":"post_tag","embeddable":true,"href":"https:\/\/staging.nationalpardon.org\/index.php?rest_route=%2Fwp%2Fv2%2Ftags&post=15023"}],"curies":[{"name":"wp","href":"https:\/\/api.w.org\/{rel}","templated":true}]}}