{"id":15048,"date":"2016-10-18T13:28:37","date_gmt":"2016-10-18T13:28:37","guid":{"rendered":"https:\/\/nationalpardon.org\/?p=15048&amp;lang=fr"},"modified":"2016-10-18T13:28:37","modified_gmt":"2016-10-18T13:28:37","slug":"les-conservateurs-ont-malmene-le-pardon","status":"publish","type":"post","link":"https:\/\/staging.nationalpardon.org\/?p=15048","title":{"rendered":"Les Conservateurs ont malmen\u00e9 le pardon. Esp\u00e9rons que les Lib\u00e9raux feront mieux."},"content":{"rendered":"<p>Peu apr\u00e8s l\u2019\u00e9lection du parti Lib\u00e9ral au pouvoir, Ralph Goodale, le nouveau Ministre de la S\u00e9curit\u00e9 publique, a annonc\u00e9 une r\u00e9forme compl\u00e8te du syst\u00e8me du pardon. Cette r\u00e9forme est n\u00e9cessaire et ce, de fa\u00e7on urgente, \u00e0 cause de tous les changements n\u00e9gatifs caus\u00e9s par le pr\u00e9c\u00e9dent gouvernement conservateur.<\/p>\n<h2><strong>Une politique \u00ab\u00a0Dure envers le crime\u00a0\u00bb cause du tort \u00e0 tous<\/strong><\/h2>\n<p>Les changements pr\u00e9c\u00e9demment effectu\u00e9s \u00e0 propos du programme du pardon est un bon exemple pour prouver pourquoi une politique qui se veut dure envers le crime est grandement inefficace. Dans le cas des Conservateurs, ceux-ci ont cru que d\u2019\u00eatre plus s\u00e9v\u00e8res envers le crime serait b\u00e9n\u00e9fique pour le syst\u00e8me de la justice criminelle et pour la soci\u00e9t\u00e9 en g\u00e9n\u00e9ral. Mais le contraire s\u2019est produit.<\/p>\n<p>Avec une baisse de pr\u00e8s de 50%, cela signifie que 13 000 personnes n\u2019ont pas pu se trouver un emploi, si on compare ce nombre aux pr\u00e9c\u00e9dentes ann\u00e9es.<\/p>\n<p><a href=\"http:\/\/quebec.huffingtonpost.ca\/2013\/01\/11\/chutes-demandes-pardon-judiciaire_n_2452392.html\">http:\/\/quebec.huffingtonpost.ca\/2013\/01\/11\/chutes-demandes-pardon-judiciaire_n_2452392.html<\/a><\/p>\n<p>Et pourtant, le syst\u00e8me du pardon s\u2019\u00e9tait jusqu\u2019alors d\u00e9montr\u00e9 comme tr\u00e8s efficace ! Avec un minime taux de r\u00e9cidive de 4%, il \u00e9tait clair, simplement en regardant les statistiques, que les pardons \u00e9taient un net b\u00e9n\u00e9fice pour tout le monde. Si presque personne ne commet une nouvelle offense apr\u00e8s avoir obtenu son pardon, comment un politicien peut-il trouver logique de voter des lois qui r\u00e9duisent l\u2019acc\u00e8s au pardon ?<\/p>\n<p>Article en anglais\u00a0: <a href=\"https:\/\/www.thestar.com\/opinion\/editorialopinion\/2013\/02\/03\/ottawas_anticrime_agenda_hurts_canadians_looking_for_a_new_start.html\">https:\/\/www.thestar.com\/opinion\/editorialopinion\/2013\/02\/03\/ottawas_anticrime_agenda_hurts_canadians_looking_for_a_new_start.html<\/a><\/p>\n<h2>\u00a0<strong>Les changements \u00e9taient r\u00e9alis\u00e9s pour un agenda politique ; pas pour le bien-\u00eatre de la justice<\/strong><\/h2>\n<p>Stephen Harper \u00e9tait rus\u00e9 et savait utiliser les \u00e9v\u00e9nements \u00e0 son avantage. Par exemple, lorsque l\u2019histoire de Graham James a refait surface, il a utilis\u00e9 cette histoire isol\u00e9e pour attirer l\u2019attention sur son agenda politique qui visait \u00e0 \u00eatre plus s\u00e9v\u00e8re envers le crime. Ce qui est int\u00e9ressant, c\u2019est que les Conservateurs avaient pr\u00e9c\u00e9demment r\u00e9vis\u00e9 le syst\u00e8me du pardon et avaient conclus que rien ou presque n\u2019avait \u00e0 \u00eatre modifi\u00e9. En d\u2019autres mots, les Conservateurs trouvaient que le programme du pardon \u00e9tait efficace.<\/p>\n<p>Toutefois, l\u2019histoire d\u2019un joueur de la LNH qui recevait un pardon apr\u00e8s avoir abus\u00e9 sexuellement de jeunes gar\u00e7ons \u00e9tait une goutte de trop pour le public, et la controverse a \u00e9clat\u00e9e. Tandis que les Lib\u00e9raux tentaient de conserver une vision rationnelle de la justice criminelle, Stephen Harper clamait \u00e0 r\u00e9p\u00e9tition que cette situation \u00e9tait inacceptable. Il a utilis\u00e9 chaque opportunit\u00e9 possible d\u2019appara\u00eetre aux c\u00f4t\u00e9s d\u2019une victime de Graham James devant la cam\u00e9ra. En agissant ainsi, il n\u2019avait d\u2019autre choix que de poursuivre dans cette m\u00eame voie et de durcir son attitude face au pardon&#8230; ou d\u2019appara\u00eetre l\u00e2che.<\/p>\n<p>Mais un exemple isol\u00e9 n\u2019est pas une raison suffisante pour remanier un programme social dans son enti\u00e8ret\u00e9. Le pardon avait aid\u00e9 tellement de gens \u00e0 se remettre sur le droit chemin; \u00e0 vivre une vie productive dans le respect des lois. Bien s\u00fbr qu\u2019il est justifiable de vouloir restreindre l\u2019acc\u00e8s de pr\u00e9dateurs sexuels au pardon. Mais le fait de prendre un cas isol\u00e9 et de l\u2019utiliser comme exemple de \u00ab\u00a0pourquoi personne ne devrait avoir acc\u00e8s au pardon\u00a0\u00bb est indigne d\u2019un Premier Ministre. Toute cette histoire est un d\u00e9solant exemple d\u2019opportunisme politique. Comme c\u2019est le cas pour plusieurs politiques conservatrices envers la justice criminelle.<\/p>\n<h2><strong>Que vont faire les Lib\u00e9raux ?<\/strong><\/h2>\n<p>Il semble que les Lib\u00e9raux veuillent renverser ou du moins modifier le programme du pardon pour qu\u2019il ressemble \u00e0 ce qu\u2019il a un jour \u00e9t\u00e9. Il n\u2019y a pas encore eu d\u2019annonce officielle, donc il est assez difficile de pr\u00e9dire ce qui sera fait. Mais pourquoi ne pas s\u2019amuser \u00e0 \u00e9mettre des hypoth\u00e8ses ? Voici mes pr\u00e9dictions pour ce qu\u2019il adviendra du programme du pardon lorsque les Lib\u00e9raux le r\u00e9viseront\u00a0:<\/p>\n<ol>\n<li>Le frais de soumission sera r\u00e9duit<\/li>\n<li>Le temps d\u2019attente pour les crimes mineurs sera r\u00e9duit<\/li>\n<li>Le temps d\u2019attente pour les crimes non-violents sera r\u00e9duit<\/li>\n<li>Les crimes sexuels contre une victime mineure demeureront inadmissibles au pardon<\/li>\n<li>Le terme \u00ab\u00a0suspension de casier\u00a0\u00bb va rester en place au lieu de \u00ab\u00a0pardon\u00a0\u00bb<\/li>\n<li>Les gens vont continuer \u00e0 utiliser le mot \u00ab\u00a0pardon\u00a0\u00bb<\/li>\n<\/ol>\n<p>Je crois qu\u2019il est assez difficile d\u2019\u00e9mettre d\u2019autres possibilit\u00e9s qui seraient envisageables. Je ne peux pas garantir ce que\u00a0 les Lib\u00e9raux feront. Mais Ralph Goodale a la solide r\u00e9putation d\u2019\u00eatre un homme raisonnable et je suis s\u00fbr qu\u2019il sera plus enclin \u00e0 se baser sur les faits r\u00e9els\u2026 contrairement \u00e0 la pr\u00e9c\u00e9dente attitude des Conservateurs. Donc, avec un peu de chance, nous verrons le nombre de demande de pardon revenir \u00e0 ce qu\u2019il \u00e9tait avant 2012.<\/p>\n<p>&nbsp;<\/p>\n<p>&nbsp;<\/p>\n","protected":false},"excerpt":{"rendered":"<p>Peu apr\u00e8s l\u2019\u00e9lection du parti Lib\u00e9ral au pouvoir, Ralph Goodale, le nouveau Ministre de la S\u00e9curit\u00e9 publique, a annonc\u00e9 une r\u00e9forme compl\u00e8te du syst\u00e8me du pardon. Cette r\u00e9forme est n\u00e9cessaire et ce, de fa\u00e7on urgente, \u00e0 cause de tous les changements n\u00e9gatifs caus\u00e9s par le pr\u00e9c\u00e9dent gouvernement conservateur. Une politique \u00ab\u00a0Dure envers le crime\u00a0\u00bb cause [&hellip;]<\/p>\n","protected":false},"author":2,"featured_media":17030,"comment_status":"open","ping_status":"open","sticky":false,"template":"","format":"standard","meta":{"footnotes":""},"categories":[48,59],"tags":[],"class_list":["post-15048","post","type-post","status-publish","format-standard","has-post-thumbnail","hentry","category-pardon-du-canada","category-suspension-du-casier-judiciaire"],"yoast_head":"<!-- This site is optimized with the Yoast SEO plugin v27.4 - https:\/\/yoast.com\/product\/yoast-seo-wordpress\/ -->\n<title>Les Conservateurs ont malmen\u00e9 le pardon. Esp\u00e9rons que les Lib\u00e9raux feront mieux. - staging.nationalpardon.org<\/title>\n<meta name=\"robots\" content=\"noindex, follow, max-snippet:-1, max-image-preview:large, max-video-preview:-1\" \/>\n<meta property=\"og:locale\" content=\"en_US\" \/>\n<meta property=\"og:type\" content=\"article\" \/>\n<meta property=\"og:title\" content=\"Les Conservateurs ont malmen\u00e9 le pardon. Esp\u00e9rons que les Lib\u00e9raux feront mieux. - staging.nationalpardon.org\" \/>\n<meta property=\"og:description\" content=\"Peu apr\u00e8s l\u2019\u00e9lection du parti Lib\u00e9ral au pouvoir, Ralph Goodale, le nouveau Ministre de la S\u00e9curit\u00e9 publique, a annonc\u00e9 une r\u00e9forme compl\u00e8te du syst\u00e8me du pardon. Cette r\u00e9forme est n\u00e9cessaire et ce, de fa\u00e7on urgente, \u00e0 cause de tous les changements n\u00e9gatifs caus\u00e9s par le pr\u00e9c\u00e9dent gouvernement conservateur. Une politique \u00ab\u00a0Dure envers le crime\u00a0\u00bb cause [&hellip;]\" \/>\n<meta property=\"og:url\" content=\"https:\/\/staging.nationalpardon.org\/?p=15048\" \/>\n<meta property=\"og:site_name\" content=\"staging.nationalpardon.org\" \/>\n<meta property=\"article:published_time\" content=\"2016-10-18T13:28:37+00:00\" \/>\n<meta name=\"author\" content=\"National Pardon\" \/>\n<meta name=\"twitter:card\" content=\"summary_large_image\" \/>\n<meta name=\"twitter:label1\" content=\"Written by\" \/>\n\t<meta name=\"twitter:data1\" content=\"National Pardon\" \/>\n\t<meta name=\"twitter:label2\" content=\"Est. reading time\" \/>\n\t<meta name=\"twitter:data2\" content=\"4 minutes\" \/>\n<script type=\"application\/ld+json\" class=\"yoast-schema-graph\">{\"@context\":\"https:\\\/\\\/schema.org\",\"@graph\":[{\"@type\":\"Article\",\"@id\":\"https:\\\/\\\/staging.nationalpardon.org\\\/?p=15048#article\",\"isPartOf\":{\"@id\":\"https:\\\/\\\/staging.nationalpardon.org\\\/?p=15048\"},\"author\":{\"name\":\"National Pardon\",\"@id\":\"https:\\\/\\\/staging.nationalpardon.org\\\/#\\\/schema\\\/person\\\/7d8875ab66fc730533e59e05d71b75ba\"},\"headline\":\"Les Conservateurs ont malmen\u00e9 le pardon. Esp\u00e9rons que les Lib\u00e9raux feront mieux.\",\"datePublished\":\"2016-10-18T13:28:37+00:00\",\"mainEntityOfPage\":{\"@id\":\"https:\\\/\\\/staging.nationalpardon.org\\\/?p=15048\"},\"wordCount\":871,\"commentCount\":0,\"image\":{\"@id\":\"https:\\\/\\\/staging.nationalpardon.org\\\/?p=15048#primaryimage\"},\"thumbnailUrl\":\"\",\"articleSection\":[\"Pardon du Canada\",\"Suspension du casier judiciaire\"],\"inLanguage\":\"en-CA\",\"potentialAction\":[{\"@type\":\"CommentAction\",\"name\":\"Comment\",\"target\":[\"https:\\\/\\\/staging.nationalpardon.org\\\/?p=15048#respond\"]}]},{\"@type\":\"WebPage\",\"@id\":\"https:\\\/\\\/staging.nationalpardon.org\\\/?p=15048\",\"url\":\"https:\\\/\\\/staging.nationalpardon.org\\\/?p=15048\",\"name\":\"Les Conservateurs ont malmen\u00e9 le pardon. Esp\u00e9rons que les Lib\u00e9raux feront mieux. - staging.nationalpardon.org\",\"isPartOf\":{\"@id\":\"https:\\\/\\\/staging.nationalpardon.org\\\/#website\"},\"primaryImageOfPage\":{\"@id\":\"https:\\\/\\\/staging.nationalpardon.org\\\/?p=15048#primaryimage\"},\"image\":{\"@id\":\"https:\\\/\\\/staging.nationalpardon.org\\\/?p=15048#primaryimage\"},\"thumbnailUrl\":\"\",\"datePublished\":\"2016-10-18T13:28:37+00:00\",\"author\":{\"@id\":\"https:\\\/\\\/staging.nationalpardon.org\\\/#\\\/schema\\\/person\\\/7d8875ab66fc730533e59e05d71b75ba\"},\"breadcrumb\":{\"@id\":\"https:\\\/\\\/staging.nationalpardon.org\\\/?p=15048#breadcrumb\"},\"inLanguage\":\"en-CA\",\"potentialAction\":[{\"@type\":\"ReadAction\",\"target\":[\"https:\\\/\\\/staging.nationalpardon.org\\\/?p=15048\"]}]},{\"@type\":\"ImageObject\",\"inLanguage\":\"en-CA\",\"@id\":\"https:\\\/\\\/staging.nationalpardon.org\\\/?p=15048#primaryimage\",\"url\":\"\",\"contentUrl\":\"\"},{\"@type\":\"BreadcrumbList\",\"@id\":\"https:\\\/\\\/staging.nationalpardon.org\\\/?p=15048#breadcrumb\",\"itemListElement\":[{\"@type\":\"ListItem\",\"position\":1,\"name\":\"Home\",\"item\":\"https:\\\/\\\/staging.nationalpardon.org\\\/\"},{\"@type\":\"ListItem\",\"position\":2,\"name\":\"Les Conservateurs ont malmen\u00e9 le pardon. Esp\u00e9rons que les Lib\u00e9raux feront mieux.\"}]},{\"@type\":\"WebSite\",\"@id\":\"https:\\\/\\\/staging.nationalpardon.org\\\/#website\",\"url\":\"https:\\\/\\\/staging.nationalpardon.org\\\/\",\"name\":\"staging.nationalpardon.org\",\"description\":\"\",\"potentialAction\":[{\"@type\":\"SearchAction\",\"target\":{\"@type\":\"EntryPoint\",\"urlTemplate\":\"https:\\\/\\\/staging.nationalpardon.org\\\/?s={search_term_string}\"},\"query-input\":{\"@type\":\"PropertyValueSpecification\",\"valueRequired\":true,\"valueName\":\"search_term_string\"}}],\"inLanguage\":\"en-CA\"},{\"@type\":\"Person\",\"@id\":\"https:\\\/\\\/staging.nationalpardon.org\\\/#\\\/schema\\\/person\\\/7d8875ab66fc730533e59e05d71b75ba\",\"name\":\"National Pardon\",\"image\":{\"@type\":\"ImageObject\",\"inLanguage\":\"en-CA\",\"@id\":\"https:\\\/\\\/secure.gravatar.com\\\/avatar\\\/d55e3ad3ac775d0424d0fabd5ee073c9b71cd7bd352610bb4cc4ff574dc748fe?s=96&d=mm&r=g\",\"url\":\"https:\\\/\\\/secure.gravatar.com\\\/avatar\\\/d55e3ad3ac775d0424d0fabd5ee073c9b71cd7bd352610bb4cc4ff574dc748fe?s=96&d=mm&r=g\",\"contentUrl\":\"https:\\\/\\\/secure.gravatar.com\\\/avatar\\\/d55e3ad3ac775d0424d0fabd5ee073c9b71cd7bd352610bb4cc4ff574dc748fe?s=96&d=mm&r=g\",\"caption\":\"National Pardon\"},\"url\":\"https:\\\/\\\/staging.nationalpardon.org\\\/?author=2\"}]}<\/script>\n<!-- \/ Yoast SEO plugin. -->","yoast_head_json":{"title":"Les Conservateurs ont malmen\u00e9 le pardon. Esp\u00e9rons que les Lib\u00e9raux feront mieux. - staging.nationalpardon.org","robots":{"index":"noindex","follow":"follow","max-snippet":"max-snippet:-1","max-image-preview":"max-image-preview:large","max-video-preview":"max-video-preview:-1"},"og_locale":"en_US","og_type":"article","og_title":"Les Conservateurs ont malmen\u00e9 le pardon. Esp\u00e9rons que les Lib\u00e9raux feront mieux. - staging.nationalpardon.org","og_description":"Peu apr\u00e8s l\u2019\u00e9lection du parti Lib\u00e9ral au pouvoir, Ralph Goodale, le nouveau Ministre de la S\u00e9curit\u00e9 publique, a annonc\u00e9 une r\u00e9forme compl\u00e8te du syst\u00e8me du pardon. Cette r\u00e9forme est n\u00e9cessaire et ce, de fa\u00e7on urgente, \u00e0 cause de tous les changements n\u00e9gatifs caus\u00e9s par le pr\u00e9c\u00e9dent gouvernement conservateur. Une politique \u00ab\u00a0Dure envers le crime\u00a0\u00bb cause [&hellip;]","og_url":"https:\/\/staging.nationalpardon.org\/?p=15048","og_site_name":"staging.nationalpardon.org","article_published_time":"2016-10-18T13:28:37+00:00","author":"National Pardon","twitter_card":"summary_large_image","twitter_misc":{"Written by":"National Pardon","Est. reading time":"4 minutes"},"schema":{"@context":"https:\/\/schema.org","@graph":[{"@type":"Article","@id":"https:\/\/staging.nationalpardon.org\/?p=15048#article","isPartOf":{"@id":"https:\/\/staging.nationalpardon.org\/?p=15048"},"author":{"name":"National Pardon","@id":"https:\/\/staging.nationalpardon.org\/#\/schema\/person\/7d8875ab66fc730533e59e05d71b75ba"},"headline":"Les Conservateurs ont malmen\u00e9 le pardon. Esp\u00e9rons que les Lib\u00e9raux feront mieux.","datePublished":"2016-10-18T13:28:37+00:00","mainEntityOfPage":{"@id":"https:\/\/staging.nationalpardon.org\/?p=15048"},"wordCount":871,"commentCount":0,"image":{"@id":"https:\/\/staging.nationalpardon.org\/?p=15048#primaryimage"},"thumbnailUrl":"","articleSection":["Pardon du Canada","Suspension du casier judiciaire"],"inLanguage":"en-CA","potentialAction":[{"@type":"CommentAction","name":"Comment","target":["https:\/\/staging.nationalpardon.org\/?p=15048#respond"]}]},{"@type":"WebPage","@id":"https:\/\/staging.nationalpardon.org\/?p=15048","url":"https:\/\/staging.nationalpardon.org\/?p=15048","name":"Les Conservateurs ont malmen\u00e9 le pardon. Esp\u00e9rons que les Lib\u00e9raux feront mieux. - staging.nationalpardon.org","isPartOf":{"@id":"https:\/\/staging.nationalpardon.org\/#website"},"primaryImageOfPage":{"@id":"https:\/\/staging.nationalpardon.org\/?p=15048#primaryimage"},"image":{"@id":"https:\/\/staging.nationalpardon.org\/?p=15048#primaryimage"},"thumbnailUrl":"","datePublished":"2016-10-18T13:28:37+00:00","author":{"@id":"https:\/\/staging.nationalpardon.org\/#\/schema\/person\/7d8875ab66fc730533e59e05d71b75ba"},"breadcrumb":{"@id":"https:\/\/staging.nationalpardon.org\/?p=15048#breadcrumb"},"inLanguage":"en-CA","potentialAction":[{"@type":"ReadAction","target":["https:\/\/staging.nationalpardon.org\/?p=15048"]}]},{"@type":"ImageObject","inLanguage":"en-CA","@id":"https:\/\/staging.nationalpardon.org\/?p=15048#primaryimage","url":"","contentUrl":""},{"@type":"BreadcrumbList","@id":"https:\/\/staging.nationalpardon.org\/?p=15048#breadcrumb","itemListElement":[{"@type":"ListItem","position":1,"name":"Home","item":"https:\/\/staging.nationalpardon.org\/"},{"@type":"ListItem","position":2,"name":"Les Conservateurs ont malmen\u00e9 le pardon. Esp\u00e9rons que les Lib\u00e9raux feront mieux."}]},{"@type":"WebSite","@id":"https:\/\/staging.nationalpardon.org\/#website","url":"https:\/\/staging.nationalpardon.org\/","name":"staging.nationalpardon.org","description":"","potentialAction":[{"@type":"SearchAction","target":{"@type":"EntryPoint","urlTemplate":"https:\/\/staging.nationalpardon.org\/?s={search_term_string}"},"query-input":{"@type":"PropertyValueSpecification","valueRequired":true,"valueName":"search_term_string"}}],"inLanguage":"en-CA"},{"@type":"Person","@id":"https:\/\/staging.nationalpardon.org\/#\/schema\/person\/7d8875ab66fc730533e59e05d71b75ba","name":"National Pardon","image":{"@type":"ImageObject","inLanguage":"en-CA","@id":"https:\/\/secure.gravatar.com\/avatar\/d55e3ad3ac775d0424d0fabd5ee073c9b71cd7bd352610bb4cc4ff574dc748fe?s=96&d=mm&r=g","url":"https:\/\/secure.gravatar.com\/avatar\/d55e3ad3ac775d0424d0fabd5ee073c9b71cd7bd352610bb4cc4ff574dc748fe?s=96&d=mm&r=g","contentUrl":"https:\/\/secure.gravatar.com\/avatar\/d55e3ad3ac775d0424d0fabd5ee073c9b71cd7bd352610bb4cc4ff574dc748fe?s=96&d=mm&r=g","caption":"National Pardon"},"url":"https:\/\/staging.nationalpardon.org\/?author=2"}]}},"_links":{"self":[{"href":"https:\/\/staging.nationalpardon.org\/index.php?rest_route=\/wp\/v2\/posts\/15048","targetHints":{"allow":["GET"]}}],"collection":[{"href":"https:\/\/staging.nationalpardon.org\/index.php?rest_route=\/wp\/v2\/posts"}],"about":[{"href":"https:\/\/staging.nationalpardon.org\/index.php?rest_route=\/wp\/v2\/types\/post"}],"author":[{"embeddable":true,"href":"https:\/\/staging.nationalpardon.org\/index.php?rest_route=\/wp\/v2\/users\/2"}],"replies":[{"embeddable":true,"href":"https:\/\/staging.nationalpardon.org\/index.php?rest_route=%2Fwp%2Fv2%2Fcomments&post=15048"}],"version-history":[{"count":0,"href":"https:\/\/staging.nationalpardon.org\/index.php?rest_route=\/wp\/v2\/posts\/15048\/revisions"}],"wp:featuredmedia":[{"embeddable":true,"href":"https:\/\/staging.nationalpardon.org\/index.php?rest_route=\/"}],"wp:attachment":[{"href":"https:\/\/staging.nationalpardon.org\/index.php?rest_route=%2Fwp%2Fv2%2Fmedia&parent=15048"}],"wp:term":[{"taxonomy":"category","embeddable":true,"href":"https:\/\/staging.nationalpardon.org\/index.php?rest_route=%2Fwp%2Fv2%2Fcategories&post=15048"},{"taxonomy":"post_tag","embeddable":true,"href":"https:\/\/staging.nationalpardon.org\/index.php?rest_route=%2Fwp%2Fv2%2Ftags&post=15048"}],"curies":[{"name":"wp","href":"https:\/\/api.w.org\/{rel}","templated":true}]}}