{"id":15893,"date":"2012-09-13T12:48:22","date_gmt":"2012-09-13T12:48:22","guid":{"rendered":"http:\/\/www.nationalpardon.org\/blog\/?p=660"},"modified":"2012-09-13T12:48:22","modified_gmt":"2012-09-13T12:48:22","slug":"ca-roule-a-la-grc","status":"publish","type":"post","link":"https:\/\/staging.nationalpardon.org\/?p=15893","title":{"rendered":"La GRC et les d\u00e9lais"},"content":{"rendered":"<p>EFIN, DE BONNES NOUVELLES\u00a0!<\/p>\n<p>Je reconnais que depuis un certain moment les nouvelles sur ce blogue ne sont pas rose-rose. C&#8217;est donc avec beaucoup de plaisir que je constate l&#8217;am\u00e9lioration marqu\u00e9e des d\u00e9lais de traitement d&#8217;empreintes digitales \u00e0\u00a0 la GRC. Il s&#8217;agit l\u00e0\u00a0 d&#8217;une tr\u00e9s bonne nouvelle pour les individus qui font actuellement une demande de pardon ou waiver, car la certification des empreintes digitales repr\u00e9sente une des \u00e9tapes les plus longues de la demande.<\/p>\n<p>Avant que le gouvernement conservateur ne s&#8217;implique de pr\u00e9s au\u00a0<a href=\"\/?page_id=5085&amp;lang=fr\">processus de pardon<\/a>, les d\u00e9lais de traitement de la GRC \u00e9taient tr\u00e9s respectables.<\/p>\n<p>Pour vous donner un peu d&#8217;historique, lorsque le Centre du Pardon National ouvrit ses portes en 2002, la certification d&#8217;empreintes digitales par la GRC prenait en moyenne 12 mois. Six ans plus tard le d\u00e9lai moyen \u00e9tait d&#8217;environ un mois, mais h\u00e9las le gouvernement conservateur s&#8217;est alors mis \u00e0\u00a0 chambouler les lois r\u00e9gissant le casier judiciaire. Avec tout le brouhaha entourant l&#8217;adoption de la loi C10, le d\u00e9lai moyen de traitement \u00e0\u00a0 la GRC est revenu aux environs de 12 mois.<\/p>\n<p>Heureusement, cet embouteillage de demandes semble maintenant s&#8217;all\u00e9ger, et nous observons actuellement un d\u00e9lai d&#8217;entre cinq jours et un mois dans 95% de nos dossiers.<\/p>\n<p>Il s&#8217;agit l\u00e0\u00a0 d&#8217;une tr\u00e9s bonne nouvelle, et j&#8217;h\u00e9site \u00e0\u00a0 sp\u00e9culer sur les raisons derri\u00e9re cette am\u00e9lioration, mais un de nos lecteurs a \u00e9voqu\u00e9 la possibilit\u00e9 d&#8217;un ordre gouvernemental obligeant \u00e0\u00a0 la GRC de ralentir la certification des empreintes digitales pour le pardon pendant un certain moment. Il va sans dire qu&#8217;il n&#8217;y a aucune mani\u00e9re de v\u00e9rifier une telle assertion, mais il ne serait pas surprenant d&#8217;apprendre que notre lecteur avait raison.<\/p>\n<p>Enfin, je crois que nous ne saurons jamais exactement ce qui a entrain\u00e9 une telle fluctuation des d\u00e9lais de traitement. Ce qui compte, c&#8217;est qu&#8217;\u00e0\u00a0 l&#8217;heure actuelle la certification des empreintes digitales roule bon train. \u00e9tant donn\u00e9 l&#8217;importance de cette \u00e9tape du processus, je crois que les grands gagnants sont les individus qui font actuellement une demande de pardon ou waiver.<\/p>\n<p>&nbsp;<\/p>\n","protected":false},"excerpt":{"rendered":"<p>EFIN, DE BONNES NOUVELLES\u00a0! Je reconnais que depuis un certain moment les nouvelles sur ce blogue ne sont pas rose-rose. C&#8217;est donc avec beaucoup de plaisir que je constate l&#8217;am\u00e9lioration marqu\u00e9e des d\u00e9lais de traitement d&#8217;empreintes digitales \u00e0\u00a0 la GRC. Il s&#8217;agit l\u00e0\u00a0 d&#8217;une tr\u00e9s bonne nouvelle pour les individus qui font actuellement une demande [&hellip;]<\/p>\n","protected":false},"author":2,"featured_media":17030,"comment_status":"open","ping_status":"open","sticky":false,"template":"","format":"standard","meta":{"footnotes":""},"categories":[26],"tags":[],"class_list":["post-15893","post","type-post","status-publish","format-standard","has-post-thumbnail","hentry","category-empreintes-2"],"yoast_head":"<!-- This site is optimized with the Yoast SEO plugin v27.4 - https:\/\/yoast.com\/product\/yoast-seo-wordpress\/ -->\n<title>La GRC et les d\u00e9lais - Centre du pardon national<\/title>\n<meta name=\"robots\" content=\"noindex, follow, max-snippet:-1, max-image-preview:large, max-video-preview:-1\" \/>\n<meta property=\"og:locale\" content=\"en_US\" \/>\n<meta property=\"og:type\" content=\"article\" \/>\n<meta property=\"og:title\" content=\"La GRC et les d\u00e9lais - Centre du pardon national\" \/>\n<meta property=\"og:description\" content=\"EFIN, DE BONNES NOUVELLES\u00a0! Je reconnais que depuis un certain moment les nouvelles sur ce blogue ne sont pas rose-rose. C&#8217;est donc avec beaucoup de plaisir que je constate l&#8217;am\u00e9lioration marqu\u00e9e des d\u00e9lais de traitement d&#8217;empreintes digitales \u00e0\u00a0 la GRC. Il s&#8217;agit l\u00e0\u00a0 d&#8217;une tr\u00e9s bonne nouvelle pour les individus qui font actuellement une demande [&hellip;]\" \/>\n<meta property=\"og:url\" content=\"https:\/\/staging.nationalpardon.org\/?p=15893\" \/>\n<meta property=\"og:site_name\" content=\"staging.nationalpardon.org\" \/>\n<meta property=\"article:published_time\" content=\"2012-09-13T12:48:22+00:00\" \/>\n<meta name=\"author\" content=\"National Pardon\" \/>\n<meta name=\"twitter:card\" content=\"summary_large_image\" \/>\n<meta name=\"twitter:label1\" content=\"Written by\" \/>\n\t<meta name=\"twitter:data1\" content=\"National Pardon\" \/>\n\t<meta name=\"twitter:label2\" content=\"Est. reading time\" \/>\n\t<meta name=\"twitter:data2\" content=\"2 minutes\" \/>\n<script type=\"application\/ld+json\" class=\"yoast-schema-graph\">{\"@context\":\"https:\\\/\\\/schema.org\",\"@graph\":[{\"@type\":\"Article\",\"@id\":\"https:\\\/\\\/staging.nationalpardon.org\\\/?p=15893#article\",\"isPartOf\":{\"@id\":\"https:\\\/\\\/staging.nationalpardon.org\\\/?p=15893\"},\"author\":{\"name\":\"National Pardon\",\"@id\":\"https:\\\/\\\/staging.nationalpardon.org\\\/#\\\/schema\\\/person\\\/7d8875ab66fc730533e59e05d71b75ba\"},\"headline\":\"La GRC et les d\u00e9lais\",\"datePublished\":\"2012-09-13T12:48:22+00:00\",\"mainEntityOfPage\":{\"@id\":\"https:\\\/\\\/staging.nationalpardon.org\\\/?p=15893\"},\"wordCount\":381,\"commentCount\":0,\"image\":{\"@id\":\"https:\\\/\\\/staging.nationalpardon.org\\\/?p=15893#primaryimage\"},\"thumbnailUrl\":\"\",\"articleSection\":[\"Empreintes\"],\"inLanguage\":\"en-CA\",\"potentialAction\":[{\"@type\":\"CommentAction\",\"name\":\"Comment\",\"target\":[\"https:\\\/\\\/staging.nationalpardon.org\\\/?p=15893#respond\"]}]},{\"@type\":\"WebPage\",\"@id\":\"https:\\\/\\\/staging.nationalpardon.org\\\/?p=15893\",\"url\":\"https:\\\/\\\/staging.nationalpardon.org\\\/?p=15893\",\"name\":\"La GRC et les d\u00e9lais - Centre du pardon national\",\"isPartOf\":{\"@id\":\"https:\\\/\\\/staging.nationalpardon.org\\\/#website\"},\"primaryImageOfPage\":{\"@id\":\"https:\\\/\\\/staging.nationalpardon.org\\\/?p=15893#primaryimage\"},\"image\":{\"@id\":\"https:\\\/\\\/staging.nationalpardon.org\\\/?p=15893#primaryimage\"},\"thumbnailUrl\":\"\",\"datePublished\":\"2012-09-13T12:48:22+00:00\",\"author\":{\"@id\":\"https:\\\/\\\/staging.nationalpardon.org\\\/#\\\/schema\\\/person\\\/7d8875ab66fc730533e59e05d71b75ba\"},\"breadcrumb\":{\"@id\":\"https:\\\/\\\/staging.nationalpardon.org\\\/?p=15893#breadcrumb\"},\"inLanguage\":\"en-CA\",\"potentialAction\":[{\"@type\":\"ReadAction\",\"target\":[\"https:\\\/\\\/staging.nationalpardon.org\\\/?p=15893\"]}]},{\"@type\":\"ImageObject\",\"inLanguage\":\"en-CA\",\"@id\":\"https:\\\/\\\/staging.nationalpardon.org\\\/?p=15893#primaryimage\",\"url\":\"\",\"contentUrl\":\"\"},{\"@type\":\"BreadcrumbList\",\"@id\":\"https:\\\/\\\/staging.nationalpardon.org\\\/?p=15893#breadcrumb\",\"itemListElement\":[{\"@type\":\"ListItem\",\"position\":1,\"name\":\"Home\",\"item\":\"https:\\\/\\\/staging.nationalpardon.org\\\/\"},{\"@type\":\"ListItem\",\"position\":2,\"name\":\"La GRC et les d\u00e9lais\"}]},{\"@type\":\"WebSite\",\"@id\":\"https:\\\/\\\/staging.nationalpardon.org\\\/#website\",\"url\":\"https:\\\/\\\/staging.nationalpardon.org\\\/\",\"name\":\"staging.nationalpardon.org\",\"description\":\"\",\"potentialAction\":[{\"@type\":\"SearchAction\",\"target\":{\"@type\":\"EntryPoint\",\"urlTemplate\":\"https:\\\/\\\/staging.nationalpardon.org\\\/?s={search_term_string}\"},\"query-input\":{\"@type\":\"PropertyValueSpecification\",\"valueRequired\":true,\"valueName\":\"search_term_string\"}}],\"inLanguage\":\"en-CA\"},{\"@type\":\"Person\",\"@id\":\"https:\\\/\\\/staging.nationalpardon.org\\\/#\\\/schema\\\/person\\\/7d8875ab66fc730533e59e05d71b75ba\",\"name\":\"National Pardon\",\"image\":{\"@type\":\"ImageObject\",\"inLanguage\":\"en-CA\",\"@id\":\"https:\\\/\\\/secure.gravatar.com\\\/avatar\\\/d55e3ad3ac775d0424d0fabd5ee073c9b71cd7bd352610bb4cc4ff574dc748fe?s=96&d=mm&r=g\",\"url\":\"https:\\\/\\\/secure.gravatar.com\\\/avatar\\\/d55e3ad3ac775d0424d0fabd5ee073c9b71cd7bd352610bb4cc4ff574dc748fe?s=96&d=mm&r=g\",\"contentUrl\":\"https:\\\/\\\/secure.gravatar.com\\\/avatar\\\/d55e3ad3ac775d0424d0fabd5ee073c9b71cd7bd352610bb4cc4ff574dc748fe?s=96&d=mm&r=g\",\"caption\":\"National Pardon\"},\"url\":\"https:\\\/\\\/staging.nationalpardon.org\\\/?author=2\"}]}<\/script>\n<!-- \/ Yoast SEO plugin. -->","yoast_head_json":{"title":"La GRC et les d\u00e9lais - Centre du pardon national","robots":{"index":"noindex","follow":"follow","max-snippet":"max-snippet:-1","max-image-preview":"max-image-preview:large","max-video-preview":"max-video-preview:-1"},"og_locale":"en_US","og_type":"article","og_title":"La GRC et les d\u00e9lais - Centre du pardon national","og_description":"EFIN, DE BONNES NOUVELLES\u00a0! Je reconnais que depuis un certain moment les nouvelles sur ce blogue ne sont pas rose-rose. C&#8217;est donc avec beaucoup de plaisir que je constate l&#8217;am\u00e9lioration marqu\u00e9e des d\u00e9lais de traitement d&#8217;empreintes digitales \u00e0\u00a0 la GRC. Il s&#8217;agit l\u00e0\u00a0 d&#8217;une tr\u00e9s bonne nouvelle pour les individus qui font actuellement une demande [&hellip;]","og_url":"https:\/\/staging.nationalpardon.org\/?p=15893","og_site_name":"staging.nationalpardon.org","article_published_time":"2012-09-13T12:48:22+00:00","author":"National Pardon","twitter_card":"summary_large_image","twitter_misc":{"Written by":"National Pardon","Est. reading time":"2 minutes"},"schema":{"@context":"https:\/\/schema.org","@graph":[{"@type":"Article","@id":"https:\/\/staging.nationalpardon.org\/?p=15893#article","isPartOf":{"@id":"https:\/\/staging.nationalpardon.org\/?p=15893"},"author":{"name":"National Pardon","@id":"https:\/\/staging.nationalpardon.org\/#\/schema\/person\/7d8875ab66fc730533e59e05d71b75ba"},"headline":"La GRC et les d\u00e9lais","datePublished":"2012-09-13T12:48:22+00:00","mainEntityOfPage":{"@id":"https:\/\/staging.nationalpardon.org\/?p=15893"},"wordCount":381,"commentCount":0,"image":{"@id":"https:\/\/staging.nationalpardon.org\/?p=15893#primaryimage"},"thumbnailUrl":"","articleSection":["Empreintes"],"inLanguage":"en-CA","potentialAction":[{"@type":"CommentAction","name":"Comment","target":["https:\/\/staging.nationalpardon.org\/?p=15893#respond"]}]},{"@type":"WebPage","@id":"https:\/\/staging.nationalpardon.org\/?p=15893","url":"https:\/\/staging.nationalpardon.org\/?p=15893","name":"La GRC et les d\u00e9lais - Centre du pardon national","isPartOf":{"@id":"https:\/\/staging.nationalpardon.org\/#website"},"primaryImageOfPage":{"@id":"https:\/\/staging.nationalpardon.org\/?p=15893#primaryimage"},"image":{"@id":"https:\/\/staging.nationalpardon.org\/?p=15893#primaryimage"},"thumbnailUrl":"","datePublished":"2012-09-13T12:48:22+00:00","author":{"@id":"https:\/\/staging.nationalpardon.org\/#\/schema\/person\/7d8875ab66fc730533e59e05d71b75ba"},"breadcrumb":{"@id":"https:\/\/staging.nationalpardon.org\/?p=15893#breadcrumb"},"inLanguage":"en-CA","potentialAction":[{"@type":"ReadAction","target":["https:\/\/staging.nationalpardon.org\/?p=15893"]}]},{"@type":"ImageObject","inLanguage":"en-CA","@id":"https:\/\/staging.nationalpardon.org\/?p=15893#primaryimage","url":"","contentUrl":""},{"@type":"BreadcrumbList","@id":"https:\/\/staging.nationalpardon.org\/?p=15893#breadcrumb","itemListElement":[{"@type":"ListItem","position":1,"name":"Home","item":"https:\/\/staging.nationalpardon.org\/"},{"@type":"ListItem","position":2,"name":"La GRC et les d\u00e9lais"}]},{"@type":"WebSite","@id":"https:\/\/staging.nationalpardon.org\/#website","url":"https:\/\/staging.nationalpardon.org\/","name":"staging.nationalpardon.org","description":"","potentialAction":[{"@type":"SearchAction","target":{"@type":"EntryPoint","urlTemplate":"https:\/\/staging.nationalpardon.org\/?s={search_term_string}"},"query-input":{"@type":"PropertyValueSpecification","valueRequired":true,"valueName":"search_term_string"}}],"inLanguage":"en-CA"},{"@type":"Person","@id":"https:\/\/staging.nationalpardon.org\/#\/schema\/person\/7d8875ab66fc730533e59e05d71b75ba","name":"National Pardon","image":{"@type":"ImageObject","inLanguage":"en-CA","@id":"https:\/\/secure.gravatar.com\/avatar\/d55e3ad3ac775d0424d0fabd5ee073c9b71cd7bd352610bb4cc4ff574dc748fe?s=96&d=mm&r=g","url":"https:\/\/secure.gravatar.com\/avatar\/d55e3ad3ac775d0424d0fabd5ee073c9b71cd7bd352610bb4cc4ff574dc748fe?s=96&d=mm&r=g","contentUrl":"https:\/\/secure.gravatar.com\/avatar\/d55e3ad3ac775d0424d0fabd5ee073c9b71cd7bd352610bb4cc4ff574dc748fe?s=96&d=mm&r=g","caption":"National Pardon"},"url":"https:\/\/staging.nationalpardon.org\/?author=2"}]}},"_links":{"self":[{"href":"https:\/\/staging.nationalpardon.org\/index.php?rest_route=\/wp\/v2\/posts\/15893","targetHints":{"allow":["GET"]}}],"collection":[{"href":"https:\/\/staging.nationalpardon.org\/index.php?rest_route=\/wp\/v2\/posts"}],"about":[{"href":"https:\/\/staging.nationalpardon.org\/index.php?rest_route=\/wp\/v2\/types\/post"}],"author":[{"embeddable":true,"href":"https:\/\/staging.nationalpardon.org\/index.php?rest_route=\/wp\/v2\/users\/2"}],"replies":[{"embeddable":true,"href":"https:\/\/staging.nationalpardon.org\/index.php?rest_route=%2Fwp%2Fv2%2Fcomments&post=15893"}],"version-history":[{"count":0,"href":"https:\/\/staging.nationalpardon.org\/index.php?rest_route=\/wp\/v2\/posts\/15893\/revisions"}],"wp:featuredmedia":[{"embeddable":true,"href":"https:\/\/staging.nationalpardon.org\/index.php?rest_route=\/"}],"wp:attachment":[{"href":"https:\/\/staging.nationalpardon.org\/index.php?rest_route=%2Fwp%2Fv2%2Fmedia&parent=15893"}],"wp:term":[{"taxonomy":"category","embeddable":true,"href":"https:\/\/staging.nationalpardon.org\/index.php?rest_route=%2Fwp%2Fv2%2Fcategories&post=15893"},{"taxonomy":"post_tag","embeddable":true,"href":"https:\/\/staging.nationalpardon.org\/index.php?rest_route=%2Fwp%2Fv2%2Ftags&post=15893"}],"curies":[{"name":"wp","href":"https:\/\/api.w.org\/{rel}","templated":true}]}}