{"id":1873,"date":"2013-01-15T14:31:58","date_gmt":"2013-01-15T14:31:58","guid":{"rendered":"http:\/\/www.nationalpardon.org\/?p=1792"},"modified":"2013-01-15T14:31:58","modified_gmt":"2013-01-15T14:31:58","slug":"les-pardons-en-2013","status":"publish","type":"post","link":"https:\/\/staging.nationalpardon.org\/?p=1873","title":{"rendered":"Les pardons en 2013"},"content":{"rendered":"<p>R\u00e9cemment, un article int\u00e9ressant sur la vitesse d\u00e9croissante \u00e0\u00a0 laquelle les pardons sont accord\u00e9s par la Commission des lib\u00e9rations conditionnelles du Canada, ou plut\u00e0\u00b4t, l&#8217;ABSENCE de vitesse \u00e0\u00a0 laquelle les pardons sont accord\u00e9s a \u00e9t\u00e9 publi\u00e9.<\/p>\n<p>Cette situation est le r\u00e9sultat de la malhabile l\u00e9gislation plus restrictive en mati\u00e9re de crime adopt\u00e9e par les Conservateurs apr\u00e9s avoir obtenu un gouvernement majoritaire en mai 2011.<\/p>\n<p>Un des points int\u00e9ressants est l&#8217;augmentation du taux auquel les demandes sont soumises incorrectement, passant de 25% \u00e0\u00a0 40%. Il est donc tr\u00e9s important de bien choisir l&#8217;entreprise avec laquelle vous d\u00e9cidez de faire affaire pour votre\u00a0<a href=\"https:\/\/nationalpardon.org\/?lang=fr\">demande de pardon<\/a>. Il est important de garder en t\u00eate le fait qu&#8217;il s&#8217;agit d&#8217;une industrie non-r\u00e9gul\u00e9e, et donc, que plusieurs entreprises ouvrant dans le domaine n&#8217;ont presqu&#8217;aucune connaissance en ce qui concerne la pr\u00e9paration des demandes de pardon.<\/p>\n<p>Le nombre de demandes soumises a diminu\u00e9, tout comme le nombre de pardons accord\u00e9s. \u00e9videmment, les changements de politique en mati\u00e9re de pardons ont grandement diminu\u00e9 le nombre de personnes \u00e9ligibles pour recevoir un pardon, mais je crois qu&#8217;une partie de cette diminution vient de l&#8217;afflux des demandes \u00e0\u00a0 la Commission avant que les changements entrent en vigueur. Avec toute la h\u00e0\u00a2te mise de l&#8217;avant pour soumettre les demandes avant les changements l\u00e9gislatifs, il semble tout \u00e0\u00a0 fait normal qu&#8217;une fois le changement en place, il y ait moins de personnes pensant \u00e0\u00a0 soumettre une demande.<\/p>\n<p>Tripler les frais de d\u00e9p\u00e0\u00b4t des demandes de pardon\u00a0\u00a0de 50$ \u00e0\u00a0 150$, puis les quadrupler jusqu&#8217;\u00e0\u00a0 631$ ne fait qu&#8217;ajouter l&#8217;insulte \u00e0\u00a0 l&#8217;injure. Ce que les Conservateurs ont fait a \u00e9t\u00e9 essentiellement d&#8217;\u00e9liminer la possibilit\u00e9 d&#8217;un pardon pour les personnes en ayant besoin avant tout pour des raisons financi\u00e9res. Si on consid\u00e9re la quantit\u00e9 d&#8217;argent utilis\u00e9e pour la justice criminelle, rendre un pardon inabordable n&#8217;a tout simplement aucun sens. Uniquement d&#8217;un point de vue \u00e9conomique, les taxes et imp\u00e0\u00b4ts que les personnes paient une fois qu&#8217;elles ont trouv\u00e9 un bon emploi apr\u00e9s avoir obtenu leur pardon compensent plus que suffisamment ce que le gouvernement peut d\u00e9penser pour traiter une demande de pardon.<\/p>\n<p>C&#8217;est dommage que les pardons aient \u00e9t\u00e9 utilis\u00e9s \u00e0\u00a0 des fins politiques par la droite. Le pr\u00e9sent gouvernement entrera probablement dans l&#8217;histoire comme un \u00e9chec en mati\u00e9re politique de justice criminelle. Ils seront probablement vus comme un groupe de leaders n&#8217;ayant aucun int\u00e9r\u00eat dans la cr\u00e9ation d&#8217;une politique sociale forte pour le b\u00e9n\u00e9fice de tous les Canadiens et Canadiennes. Le fait que nous envoyons automatiquement en prison une personne pour avoir fait pousser six plants de marijuana sur son terrain est un indicateur clair d&#8217;\u00e0\u00a0 quel point nos politiques criminelles sont d\u00e9connect\u00e9es de la r\u00e9alit\u00e9.<\/p>\n<p>Je suis critique depuis un certain temps de la l\u00e9gislation en mati\u00e9re de\u00a0pardon\u00a0et j&#8217;ai \u00e9t\u00e9 critique du Parti Conservateur du Canada depuis encore plus longtemps. Mais apr\u00e9s avoir vu combien de vies ont pu reprendre leur cours normal directement par l&#8217;obtention d&#8217;un pardon et d&#8217;un meilleur emploi, je suis encore plus d\u00e9\u00e0\u00a7u d&#8217;Ottawa que jamais. Je n&#8217;arriverai jamais \u00e0\u00a0 comprendre comment il peut \u00eatre logique d&#8217;emp\u00eacher quelqu&#8217;un de trouver un bon emploi et de contribuer activement \u00e0\u00a0 la soci\u00e9t\u00e9.<\/p>\n<p>Rappelons-nous que le programme de pardon (s&#8217;appelant d\u00e9sormais une suspension du casier judiciaire pour des raisons plut\u00e0\u00b4t loufoques) avait un taux de succ\u00e9s de 96% avant que les Conservateurs s&#8217;en m\u00ealent. Avec de tels chiffres, il est en effet difficile de comprendre ce qu&#8217;ils essaient de r\u00e9aliser avec tous leurs changements.<\/p>\n<p>&nbsp;<\/p>\n<p>&nbsp;<\/p>\n","protected":false},"excerpt":{"rendered":"<p>R\u00e9cemment, un article int\u00e9ressant sur la vitesse d\u00e9croissante \u00e0\u00a0 laquelle les pardons sont accord\u00e9s par la Commission des lib\u00e9rations conditionnelles du Canada, ou plut\u00e0\u00b4t, l&#8217;ABSENCE de vitesse \u00e0\u00a0 laquelle les pardons sont accord\u00e9s a \u00e9t\u00e9 publi\u00e9. Cette situation est le r\u00e9sultat de la malhabile l\u00e9gislation plus restrictive en mati\u00e9re de crime adopt\u00e9e par les Conservateurs [&hellip;]<\/p>\n","protected":false},"author":2,"featured_media":17030,"comment_status":"open","ping_status":"open","sticky":false,"template":"","format":"standard","meta":{"footnotes":""},"categories":[26],"tags":[],"class_list":["post-1873","post","type-post","status-publish","format-standard","has-post-thumbnail","hentry","category-empreintes-2"],"yoast_head":"<!-- This site is optimized with the Yoast SEO plugin v27.4 - https:\/\/yoast.com\/product\/yoast-seo-wordpress\/ -->\n<title>Les pardon du Canada en 2013 | Centre du pardon national<\/title>\n<meta name=\"description\" content=\"Article int\u00e9ressant sur la vitesse d\u00e9croissante \u00e0\u00a0 laquelle les pardons sont accord\u00e9s par la Commission des lib\u00e9rations conditionnelles du Canada..\" \/>\n<meta name=\"robots\" content=\"noindex, follow, max-snippet:-1, max-image-preview:large, max-video-preview:-1\" \/>\n<meta property=\"og:locale\" content=\"en_US\" \/>\n<meta property=\"og:type\" content=\"article\" \/>\n<meta property=\"og:title\" content=\"Les pardon du Canada en 2013 | Centre du pardon national\" \/>\n<meta property=\"og:description\" content=\"Article int\u00e9ressant sur la vitesse d\u00e9croissante \u00e0\u00a0 laquelle les pardons sont accord\u00e9s par la Commission des lib\u00e9rations conditionnelles du Canada..\" \/>\n<meta property=\"og:url\" content=\"https:\/\/staging.nationalpardon.org\/?p=1873\" \/>\n<meta property=\"og:site_name\" content=\"staging.nationalpardon.org\" \/>\n<meta property=\"article:published_time\" content=\"2013-01-15T14:31:58+00:00\" \/>\n<meta name=\"author\" content=\"National Pardon\" \/>\n<meta name=\"twitter:card\" content=\"summary_large_image\" \/>\n<meta name=\"twitter:label1\" content=\"Written by\" \/>\n\t<meta name=\"twitter:data1\" content=\"National Pardon\" \/>\n\t<meta name=\"twitter:label2\" content=\"Est. reading time\" \/>\n\t<meta name=\"twitter:data2\" content=\"3 minutes\" \/>\n<script type=\"application\/ld+json\" class=\"yoast-schema-graph\">{\"@context\":\"https:\\\/\\\/schema.org\",\"@graph\":[{\"@type\":\"Article\",\"@id\":\"https:\\\/\\\/staging.nationalpardon.org\\\/?p=1873#article\",\"isPartOf\":{\"@id\":\"https:\\\/\\\/staging.nationalpardon.org\\\/?p=1873\"},\"author\":{\"name\":\"National Pardon\",\"@id\":\"https:\\\/\\\/staging.nationalpardon.org\\\/#\\\/schema\\\/person\\\/7d8875ab66fc730533e59e05d71b75ba\"},\"headline\":\"Les pardons en 2013\",\"datePublished\":\"2013-01-15T14:31:58+00:00\",\"mainEntityOfPage\":{\"@id\":\"https:\\\/\\\/staging.nationalpardon.org\\\/?p=1873\"},\"wordCount\":652,\"commentCount\":0,\"image\":{\"@id\":\"https:\\\/\\\/staging.nationalpardon.org\\\/?p=1873#primaryimage\"},\"thumbnailUrl\":\"\",\"articleSection\":[\"Empreintes\"],\"inLanguage\":\"en-CA\",\"potentialAction\":[{\"@type\":\"CommentAction\",\"name\":\"Comment\",\"target\":[\"https:\\\/\\\/staging.nationalpardon.org\\\/?p=1873#respond\"]}]},{\"@type\":\"WebPage\",\"@id\":\"https:\\\/\\\/staging.nationalpardon.org\\\/?p=1873\",\"url\":\"https:\\\/\\\/staging.nationalpardon.org\\\/?p=1873\",\"name\":\"Les pardon du Canada en 2013 | Centre du pardon national\",\"isPartOf\":{\"@id\":\"https:\\\/\\\/staging.nationalpardon.org\\\/#website\"},\"primaryImageOfPage\":{\"@id\":\"https:\\\/\\\/staging.nationalpardon.org\\\/?p=1873#primaryimage\"},\"image\":{\"@id\":\"https:\\\/\\\/staging.nationalpardon.org\\\/?p=1873#primaryimage\"},\"thumbnailUrl\":\"\",\"datePublished\":\"2013-01-15T14:31:58+00:00\",\"author\":{\"@id\":\"https:\\\/\\\/staging.nationalpardon.org\\\/#\\\/schema\\\/person\\\/7d8875ab66fc730533e59e05d71b75ba\"},\"description\":\"Article int\u00e9ressant sur la vitesse d\u00e9croissante \u00e0\u00a0 laquelle les pardons sont accord\u00e9s par la Commission des lib\u00e9rations conditionnelles du Canada..\",\"breadcrumb\":{\"@id\":\"https:\\\/\\\/staging.nationalpardon.org\\\/?p=1873#breadcrumb\"},\"inLanguage\":\"en-CA\",\"potentialAction\":[{\"@type\":\"ReadAction\",\"target\":[\"https:\\\/\\\/staging.nationalpardon.org\\\/?p=1873\"]}]},{\"@type\":\"ImageObject\",\"inLanguage\":\"en-CA\",\"@id\":\"https:\\\/\\\/staging.nationalpardon.org\\\/?p=1873#primaryimage\",\"url\":\"\",\"contentUrl\":\"\"},{\"@type\":\"BreadcrumbList\",\"@id\":\"https:\\\/\\\/staging.nationalpardon.org\\\/?p=1873#breadcrumb\",\"itemListElement\":[{\"@type\":\"ListItem\",\"position\":1,\"name\":\"Home\",\"item\":\"https:\\\/\\\/staging.nationalpardon.org\\\/\"},{\"@type\":\"ListItem\",\"position\":2,\"name\":\"Les pardons en 2013\"}]},{\"@type\":\"WebSite\",\"@id\":\"https:\\\/\\\/staging.nationalpardon.org\\\/#website\",\"url\":\"https:\\\/\\\/staging.nationalpardon.org\\\/\",\"name\":\"staging.nationalpardon.org\",\"description\":\"\",\"potentialAction\":[{\"@type\":\"SearchAction\",\"target\":{\"@type\":\"EntryPoint\",\"urlTemplate\":\"https:\\\/\\\/staging.nationalpardon.org\\\/?s={search_term_string}\"},\"query-input\":{\"@type\":\"PropertyValueSpecification\",\"valueRequired\":true,\"valueName\":\"search_term_string\"}}],\"inLanguage\":\"en-CA\"},{\"@type\":\"Person\",\"@id\":\"https:\\\/\\\/staging.nationalpardon.org\\\/#\\\/schema\\\/person\\\/7d8875ab66fc730533e59e05d71b75ba\",\"name\":\"National Pardon\",\"image\":{\"@type\":\"ImageObject\",\"inLanguage\":\"en-CA\",\"@id\":\"https:\\\/\\\/secure.gravatar.com\\\/avatar\\\/d55e3ad3ac775d0424d0fabd5ee073c9b71cd7bd352610bb4cc4ff574dc748fe?s=96&d=mm&r=g\",\"url\":\"https:\\\/\\\/secure.gravatar.com\\\/avatar\\\/d55e3ad3ac775d0424d0fabd5ee073c9b71cd7bd352610bb4cc4ff574dc748fe?s=96&d=mm&r=g\",\"contentUrl\":\"https:\\\/\\\/secure.gravatar.com\\\/avatar\\\/d55e3ad3ac775d0424d0fabd5ee073c9b71cd7bd352610bb4cc4ff574dc748fe?s=96&d=mm&r=g\",\"caption\":\"National Pardon\"},\"url\":\"https:\\\/\\\/staging.nationalpardon.org\\\/?author=2\"}]}<\/script>\n<!-- \/ Yoast SEO plugin. -->","yoast_head_json":{"title":"Les pardon du Canada en 2013 | Centre du pardon national","description":"Article int\u00e9ressant sur la vitesse d\u00e9croissante \u00e0\u00a0 laquelle les pardons sont accord\u00e9s par la Commission des lib\u00e9rations conditionnelles du Canada..","robots":{"index":"noindex","follow":"follow","max-snippet":"max-snippet:-1","max-image-preview":"max-image-preview:large","max-video-preview":"max-video-preview:-1"},"og_locale":"en_US","og_type":"article","og_title":"Les pardon du Canada en 2013 | Centre du pardon national","og_description":"Article int\u00e9ressant sur la vitesse d\u00e9croissante \u00e0\u00a0 laquelle les pardons sont accord\u00e9s par la Commission des lib\u00e9rations conditionnelles du Canada..","og_url":"https:\/\/staging.nationalpardon.org\/?p=1873","og_site_name":"staging.nationalpardon.org","article_published_time":"2013-01-15T14:31:58+00:00","author":"National Pardon","twitter_card":"summary_large_image","twitter_misc":{"Written by":"National Pardon","Est. reading time":"3 minutes"},"schema":{"@context":"https:\/\/schema.org","@graph":[{"@type":"Article","@id":"https:\/\/staging.nationalpardon.org\/?p=1873#article","isPartOf":{"@id":"https:\/\/staging.nationalpardon.org\/?p=1873"},"author":{"name":"National Pardon","@id":"https:\/\/staging.nationalpardon.org\/#\/schema\/person\/7d8875ab66fc730533e59e05d71b75ba"},"headline":"Les pardons en 2013","datePublished":"2013-01-15T14:31:58+00:00","mainEntityOfPage":{"@id":"https:\/\/staging.nationalpardon.org\/?p=1873"},"wordCount":652,"commentCount":0,"image":{"@id":"https:\/\/staging.nationalpardon.org\/?p=1873#primaryimage"},"thumbnailUrl":"","articleSection":["Empreintes"],"inLanguage":"en-CA","potentialAction":[{"@type":"CommentAction","name":"Comment","target":["https:\/\/staging.nationalpardon.org\/?p=1873#respond"]}]},{"@type":"WebPage","@id":"https:\/\/staging.nationalpardon.org\/?p=1873","url":"https:\/\/staging.nationalpardon.org\/?p=1873","name":"Les pardon du Canada en 2013 | Centre du pardon national","isPartOf":{"@id":"https:\/\/staging.nationalpardon.org\/#website"},"primaryImageOfPage":{"@id":"https:\/\/staging.nationalpardon.org\/?p=1873#primaryimage"},"image":{"@id":"https:\/\/staging.nationalpardon.org\/?p=1873#primaryimage"},"thumbnailUrl":"","datePublished":"2013-01-15T14:31:58+00:00","author":{"@id":"https:\/\/staging.nationalpardon.org\/#\/schema\/person\/7d8875ab66fc730533e59e05d71b75ba"},"description":"Article int\u00e9ressant sur la vitesse d\u00e9croissante \u00e0\u00a0 laquelle les pardons sont accord\u00e9s par la Commission des lib\u00e9rations conditionnelles du Canada..","breadcrumb":{"@id":"https:\/\/staging.nationalpardon.org\/?p=1873#breadcrumb"},"inLanguage":"en-CA","potentialAction":[{"@type":"ReadAction","target":["https:\/\/staging.nationalpardon.org\/?p=1873"]}]},{"@type":"ImageObject","inLanguage":"en-CA","@id":"https:\/\/staging.nationalpardon.org\/?p=1873#primaryimage","url":"","contentUrl":""},{"@type":"BreadcrumbList","@id":"https:\/\/staging.nationalpardon.org\/?p=1873#breadcrumb","itemListElement":[{"@type":"ListItem","position":1,"name":"Home","item":"https:\/\/staging.nationalpardon.org\/"},{"@type":"ListItem","position":2,"name":"Les pardons en 2013"}]},{"@type":"WebSite","@id":"https:\/\/staging.nationalpardon.org\/#website","url":"https:\/\/staging.nationalpardon.org\/","name":"staging.nationalpardon.org","description":"","potentialAction":[{"@type":"SearchAction","target":{"@type":"EntryPoint","urlTemplate":"https:\/\/staging.nationalpardon.org\/?s={search_term_string}"},"query-input":{"@type":"PropertyValueSpecification","valueRequired":true,"valueName":"search_term_string"}}],"inLanguage":"en-CA"},{"@type":"Person","@id":"https:\/\/staging.nationalpardon.org\/#\/schema\/person\/7d8875ab66fc730533e59e05d71b75ba","name":"National Pardon","image":{"@type":"ImageObject","inLanguage":"en-CA","@id":"https:\/\/secure.gravatar.com\/avatar\/d55e3ad3ac775d0424d0fabd5ee073c9b71cd7bd352610bb4cc4ff574dc748fe?s=96&d=mm&r=g","url":"https:\/\/secure.gravatar.com\/avatar\/d55e3ad3ac775d0424d0fabd5ee073c9b71cd7bd352610bb4cc4ff574dc748fe?s=96&d=mm&r=g","contentUrl":"https:\/\/secure.gravatar.com\/avatar\/d55e3ad3ac775d0424d0fabd5ee073c9b71cd7bd352610bb4cc4ff574dc748fe?s=96&d=mm&r=g","caption":"National Pardon"},"url":"https:\/\/staging.nationalpardon.org\/?author=2"}]}},"_links":{"self":[{"href":"https:\/\/staging.nationalpardon.org\/index.php?rest_route=\/wp\/v2\/posts\/1873","targetHints":{"allow":["GET"]}}],"collection":[{"href":"https:\/\/staging.nationalpardon.org\/index.php?rest_route=\/wp\/v2\/posts"}],"about":[{"href":"https:\/\/staging.nationalpardon.org\/index.php?rest_route=\/wp\/v2\/types\/post"}],"author":[{"embeddable":true,"href":"https:\/\/staging.nationalpardon.org\/index.php?rest_route=\/wp\/v2\/users\/2"}],"replies":[{"embeddable":true,"href":"https:\/\/staging.nationalpardon.org\/index.php?rest_route=%2Fwp%2Fv2%2Fcomments&post=1873"}],"version-history":[{"count":0,"href":"https:\/\/staging.nationalpardon.org\/index.php?rest_route=\/wp\/v2\/posts\/1873\/revisions"}],"wp:featuredmedia":[{"embeddable":true,"href":"https:\/\/staging.nationalpardon.org\/index.php?rest_route=\/"}],"wp:attachment":[{"href":"https:\/\/staging.nationalpardon.org\/index.php?rest_route=%2Fwp%2Fv2%2Fmedia&parent=1873"}],"wp:term":[{"taxonomy":"category","embeddable":true,"href":"https:\/\/staging.nationalpardon.org\/index.php?rest_route=%2Fwp%2Fv2%2Fcategories&post=1873"},{"taxonomy":"post_tag","embeddable":true,"href":"https:\/\/staging.nationalpardon.org\/index.php?rest_route=%2Fwp%2Fv2%2Ftags&post=1873"}],"curies":[{"name":"wp","href":"https:\/\/api.w.org\/{rel}","templated":true}]}}