{"id":2514,"date":"2013-04-04T14:53:58","date_gmt":"2013-04-04T14:53:58","guid":{"rendered":"http:\/\/www.nationalpardon.org\/?p=2514"},"modified":"2013-04-04T14:53:58","modified_gmt":"2013-04-04T14:53:58","slug":"systeme-de-pardon","status":"publish","type":"post","link":"https:\/\/staging.nationalpardon.org\/?p=2514","title":{"rendered":"Forum public sur le nouveau syst\u00e9me de pardon"},"content":{"rendered":"<h1><strong>COMMUNIQU\u00e9 DE PRESSE<\/strong><\/h1>\n<p><strong>Diffusion imm\u00e9diate<\/strong><\/p>\n<p>Le 4 avril 2013 (Ottawa) &#8211; Le <a href=\"http:\/\/sciencessociales.uottawa.ca\/crm\/projet-sensibilisation-criminalisation-sanction\">projet <\/a>de sensibilisation sur la criminalisation et la sanction (PSCS) invite tous les \u00e9tudiants, universitaires, et membres de la communaut\u00e9 \u00e0\u00a0 participer \u00e0\u00a0 un forum public sur les changements apport\u00e9s au syst\u00e9me de pardon depuis l&#8217;ann\u00e9e derni\u00e9re. L&#8217;\u00e9v\u00e9nement consiste d&#8217;un panel de conf\u00e9rencier, ainsi que des t\u00e9moignages de ceux et celles qui on \u00e9t\u00e9 directement affect\u00e9s par les changements r\u00e9cents au processus.<\/p>\n<p>Le 13 mars 2012, la Commission des lib\u00e9rationsconditionnelles du Canada (CLCC) a adopt\u00e9 des nouvelles proc\u00e9dures au syst\u00e9me de pardon \/ suspension de casier judicaire. Ces changements sont reli\u00e9s aux amendements apport\u00e9s \u00e0\u00a0 la Loi sur le casier judicaire par l&#8217;entremise du projet de loi C-23B (via le projet de loi<br \/>\nomnibus, C-10).<\/p>\n<p>Ces amendements ont l&#8217;effet de doubler le temps d&#8217;attente pour \u00eatre consid\u00e9r\u00e9 \u00e9ligible pour un pardon et exclut certaines personnes auparavant admissibles. Une hausse des frais d&#8217;application et un retard de plus de 22 000 dossiers au CLCC contribuent \u00e0\u00a0 cr\u00e9er une exp\u00e9rience non n\u00e9cessaire et prolong\u00e9e de stigmatisation et de criminalisation chez des individus ayant purg\u00e9 leur sentence. Certaines personnes voulant aller de l&#8217;avant attendent depuis plus de trois ans pour une d\u00e9cision concernant leur demande.<\/p>\n<p>Samantha McAleese, r\u00e9cente dipl\u00e0\u00b4m\u00e9e en <a href=\"http:\/\/www.nationalpardon.org\/fr\">criminologie<\/a> \u00e0\u00a0 l&#8217;Universit\u00e9 d&#8217;Ottawa atteste que \u00ab l&#8217;octroi d&#8217;un pardon est un \u00e9l\u00e9ment important dans le processus de r\u00e9int\u00e9gration, car il fait parti int\u00e9grale de l&#8217;obtention d&#8217;un emploi, des opportunit\u00e9s pour poursuivre l&#8217;\u00e9ducation et m\u00eame se trouver un logement \u00bb.<\/p>\n<p>L&#8217;\u00e9v\u00e9nement se tiendra le vendredi 5 avril 2013 de 18h00 \u00e0\u00a0 19h30 \u00e0\u00a0 l&#8217;Universit\u00e9 d&#8217;Ottawa au pavillon de la Facult\u00e9 des sciences sociales (120 rue Universit\u00e9), salle 1007. Les conf\u00e9renciers incluent notamment des travailleurs de premi\u00e9re ligne de la soci\u00e9t\u00e9 St-Leonard d&#8217;Ottawa et de la soci\u00e9t\u00e9 John Howard d&#8217;Ottawa, ainsi que des repr\u00e9sentants de l&#8217;Association canadienne des Soci\u00e9t\u00e9s Elizabeth Fry et du Centre du pardon national. Il aura des t\u00e9moignages marquants d&#8217;individus affect\u00e9s par les r\u00e9cents changements au syst\u00e9me de pardon. Le tout sera suivi d&#8217;une p\u00e9riode de questions avec les participants.<\/p>\n<p>Le PSCS est un regroupement d&#8217;universitaires de Carleton University et l&#8217;Universit\u00e9 d&#8217;Ottawa qui a pour but de sensibiliser le public concernant les pratiques de criminalisation et de sanction. \u00ab La majorit\u00e9 des changements apport\u00e9s au syst\u00e9me de pardon \u00e9taient la cons\u00e9quence des r\u00e9actions envers quelques cas rendus sensationnels \u00bb selon Samantha McAleese, Esther Armstrong et Alexandria Organ, membres du PSCS. \u00ab La m\u00e9thode pr\u00e9caire de d\u00e9veloppement des pratiques p\u00e9nales selon quelques cas hautement m\u00e9diatis\u00e9s contribue aux nombreuse cons\u00e9quences n\u00e9gatives qui prolonge la criminalisation de mani\u00e9re courante et ind\u00e9finitive \u00bb.<\/p>\n<p><strong>Pour plus d&#8217;information :<\/strong><\/p>\n<p><span style=\"font-size: 13px; line-height: 19px;\">Samantha McAleese (MA Criminologie)<\/span><br \/>\nMembre, PSCS<br \/>\nCourriel : smcal078@uottawa.ca<br \/>\nwww.cpep-pscs.sagsc.org<\/p>\n<p>&nbsp;<\/p>\n<p>&nbsp;<\/p>\n","protected":false},"excerpt":{"rendered":"<p>COMMUNIQU\u00e9 DE PRESSE Diffusion imm\u00e9diate Le 4 avril 2013 (Ottawa) &#8211; Le projet de sensibilisation sur la criminalisation et la sanction (PSCS) invite tous les \u00e9tudiants, universitaires, et membres de la communaut\u00e9 \u00e0\u00a0 participer \u00e0\u00a0 un forum public sur les changements apport\u00e9s au syst\u00e9me de pardon depuis l&#8217;ann\u00e9e derni\u00e9re. L&#8217;\u00e9v\u00e9nement consiste d&#8217;un panel de conf\u00e9rencier, [&hellip;]<\/p>\n","protected":false},"author":2,"featured_media":17030,"comment_status":"open","ping_status":"open","sticky":false,"template":"","format":"standard","meta":{"footnotes":""},"categories":[48],"tags":[],"class_list":["post-2514","post","type-post","status-publish","format-standard","has-post-thumbnail","hentry","category-pardon-du-canada"],"yoast_head":"<!-- This site is optimized with the Yoast SEO plugin v27.4 - https:\/\/yoast.com\/product\/yoast-seo-wordpress\/ -->\n<title>Syst\u00e9me de pardon - Centre du pardon national<\/title>\n<meta name=\"description\" content=\"COMMUNIQU\u00e9 DE PRESSE: syst\u00e9me de pardon - Le projet de sensibilisation sur la criminalisation et la sanction invite la communaut\u00e9 \u00e0\u00a0 participer \u00e0\u00a0 un forum.\" \/>\n<meta name=\"robots\" content=\"noindex, follow, max-snippet:-1, max-image-preview:large, max-video-preview:-1\" \/>\n<meta property=\"og:locale\" content=\"en_US\" \/>\n<meta property=\"og:type\" content=\"article\" \/>\n<meta property=\"og:title\" content=\"Syst\u00e9me de pardon - Centre du pardon national\" \/>\n<meta property=\"og:description\" content=\"COMMUNIQU\u00e9 DE PRESSE: syst\u00e9me de pardon - Le projet de sensibilisation sur la criminalisation et la sanction invite la communaut\u00e9 \u00e0\u00a0 participer \u00e0\u00a0 un forum.\" \/>\n<meta property=\"og:url\" content=\"https:\/\/staging.nationalpardon.org\/?p=2514\" \/>\n<meta property=\"og:site_name\" content=\"staging.nationalpardon.org\" \/>\n<meta property=\"article:published_time\" content=\"2013-04-04T14:53:58+00:00\" \/>\n<meta name=\"author\" content=\"National Pardon\" \/>\n<meta name=\"twitter:card\" content=\"summary_large_image\" \/>\n<meta name=\"twitter:label1\" content=\"Written by\" \/>\n\t<meta name=\"twitter:data1\" content=\"National Pardon\" \/>\n\t<meta name=\"twitter:label2\" content=\"Est. reading time\" \/>\n\t<meta name=\"twitter:data2\" content=\"2 minutes\" \/>\n<script type=\"application\/ld+json\" class=\"yoast-schema-graph\">{\"@context\":\"https:\\\/\\\/schema.org\",\"@graph\":[{\"@type\":\"Article\",\"@id\":\"https:\\\/\\\/staging.nationalpardon.org\\\/?p=2514#article\",\"isPartOf\":{\"@id\":\"https:\\\/\\\/staging.nationalpardon.org\\\/?p=2514\"},\"author\":{\"name\":\"National Pardon\",\"@id\":\"https:\\\/\\\/staging.nationalpardon.org\\\/#\\\/schema\\\/person\\\/7d8875ab66fc730533e59e05d71b75ba\"},\"headline\":\"Forum public sur le nouveau syst\u00e9me de pardon\",\"datePublished\":\"2013-04-04T14:53:58+00:00\",\"mainEntityOfPage\":{\"@id\":\"https:\\\/\\\/staging.nationalpardon.org\\\/?p=2514\"},\"wordCount\":519,\"commentCount\":32,\"image\":{\"@id\":\"https:\\\/\\\/staging.nationalpardon.org\\\/?p=2514#primaryimage\"},\"thumbnailUrl\":\"\",\"articleSection\":[\"Pardon du Canada\"],\"inLanguage\":\"en-CA\",\"potentialAction\":[{\"@type\":\"CommentAction\",\"name\":\"Comment\",\"target\":[\"https:\\\/\\\/staging.nationalpardon.org\\\/?p=2514#respond\"]}]},{\"@type\":\"WebPage\",\"@id\":\"https:\\\/\\\/staging.nationalpardon.org\\\/?p=2514\",\"url\":\"https:\\\/\\\/staging.nationalpardon.org\\\/?p=2514\",\"name\":\"Syst\u00e9me de pardon - Centre du pardon national\",\"isPartOf\":{\"@id\":\"https:\\\/\\\/staging.nationalpardon.org\\\/#website\"},\"primaryImageOfPage\":{\"@id\":\"https:\\\/\\\/staging.nationalpardon.org\\\/?p=2514#primaryimage\"},\"image\":{\"@id\":\"https:\\\/\\\/staging.nationalpardon.org\\\/?p=2514#primaryimage\"},\"thumbnailUrl\":\"\",\"datePublished\":\"2013-04-04T14:53:58+00:00\",\"author\":{\"@id\":\"https:\\\/\\\/staging.nationalpardon.org\\\/#\\\/schema\\\/person\\\/7d8875ab66fc730533e59e05d71b75ba\"},\"description\":\"COMMUNIQU\u00e9 DE PRESSE: syst\u00e9me de pardon - Le projet de sensibilisation sur la criminalisation et la sanction invite la communaut\u00e9 \u00e0\u00a0 participer \u00e0\u00a0 un forum.\",\"breadcrumb\":{\"@id\":\"https:\\\/\\\/staging.nationalpardon.org\\\/?p=2514#breadcrumb\"},\"inLanguage\":\"en-CA\",\"potentialAction\":[{\"@type\":\"ReadAction\",\"target\":[\"https:\\\/\\\/staging.nationalpardon.org\\\/?p=2514\"]}]},{\"@type\":\"ImageObject\",\"inLanguage\":\"en-CA\",\"@id\":\"https:\\\/\\\/staging.nationalpardon.org\\\/?p=2514#primaryimage\",\"url\":\"\",\"contentUrl\":\"\"},{\"@type\":\"BreadcrumbList\",\"@id\":\"https:\\\/\\\/staging.nationalpardon.org\\\/?p=2514#breadcrumb\",\"itemListElement\":[{\"@type\":\"ListItem\",\"position\":1,\"name\":\"Home\",\"item\":\"https:\\\/\\\/staging.nationalpardon.org\\\/\"},{\"@type\":\"ListItem\",\"position\":2,\"name\":\"Forum public sur le nouveau syst\u00e9me de pardon\"}]},{\"@type\":\"WebSite\",\"@id\":\"https:\\\/\\\/staging.nationalpardon.org\\\/#website\",\"url\":\"https:\\\/\\\/staging.nationalpardon.org\\\/\",\"name\":\"staging.nationalpardon.org\",\"description\":\"\",\"potentialAction\":[{\"@type\":\"SearchAction\",\"target\":{\"@type\":\"EntryPoint\",\"urlTemplate\":\"https:\\\/\\\/staging.nationalpardon.org\\\/?s={search_term_string}\"},\"query-input\":{\"@type\":\"PropertyValueSpecification\",\"valueRequired\":true,\"valueName\":\"search_term_string\"}}],\"inLanguage\":\"en-CA\"},{\"@type\":\"Person\",\"@id\":\"https:\\\/\\\/staging.nationalpardon.org\\\/#\\\/schema\\\/person\\\/7d8875ab66fc730533e59e05d71b75ba\",\"name\":\"National Pardon\",\"image\":{\"@type\":\"ImageObject\",\"inLanguage\":\"en-CA\",\"@id\":\"https:\\\/\\\/secure.gravatar.com\\\/avatar\\\/d55e3ad3ac775d0424d0fabd5ee073c9b71cd7bd352610bb4cc4ff574dc748fe?s=96&d=mm&r=g\",\"url\":\"https:\\\/\\\/secure.gravatar.com\\\/avatar\\\/d55e3ad3ac775d0424d0fabd5ee073c9b71cd7bd352610bb4cc4ff574dc748fe?s=96&d=mm&r=g\",\"contentUrl\":\"https:\\\/\\\/secure.gravatar.com\\\/avatar\\\/d55e3ad3ac775d0424d0fabd5ee073c9b71cd7bd352610bb4cc4ff574dc748fe?s=96&d=mm&r=g\",\"caption\":\"National Pardon\"},\"url\":\"https:\\\/\\\/staging.nationalpardon.org\\\/?author=2\"}]}<\/script>\n<!-- \/ Yoast SEO plugin. -->","yoast_head_json":{"title":"Syst\u00e9me de pardon - Centre du pardon national","description":"COMMUNIQU\u00e9 DE PRESSE: syst\u00e9me de pardon - Le projet de sensibilisation sur la criminalisation et la sanction invite la communaut\u00e9 \u00e0\u00a0 participer \u00e0\u00a0 un forum.","robots":{"index":"noindex","follow":"follow","max-snippet":"max-snippet:-1","max-image-preview":"max-image-preview:large","max-video-preview":"max-video-preview:-1"},"og_locale":"en_US","og_type":"article","og_title":"Syst\u00e9me de pardon - Centre du pardon national","og_description":"COMMUNIQU\u00e9 DE PRESSE: syst\u00e9me de pardon - Le projet de sensibilisation sur la criminalisation et la sanction invite la communaut\u00e9 \u00e0\u00a0 participer \u00e0\u00a0 un forum.","og_url":"https:\/\/staging.nationalpardon.org\/?p=2514","og_site_name":"staging.nationalpardon.org","article_published_time":"2013-04-04T14:53:58+00:00","author":"National Pardon","twitter_card":"summary_large_image","twitter_misc":{"Written by":"National Pardon","Est. reading time":"2 minutes"},"schema":{"@context":"https:\/\/schema.org","@graph":[{"@type":"Article","@id":"https:\/\/staging.nationalpardon.org\/?p=2514#article","isPartOf":{"@id":"https:\/\/staging.nationalpardon.org\/?p=2514"},"author":{"name":"National Pardon","@id":"https:\/\/staging.nationalpardon.org\/#\/schema\/person\/7d8875ab66fc730533e59e05d71b75ba"},"headline":"Forum public sur le nouveau syst\u00e9me de pardon","datePublished":"2013-04-04T14:53:58+00:00","mainEntityOfPage":{"@id":"https:\/\/staging.nationalpardon.org\/?p=2514"},"wordCount":519,"commentCount":32,"image":{"@id":"https:\/\/staging.nationalpardon.org\/?p=2514#primaryimage"},"thumbnailUrl":"","articleSection":["Pardon du Canada"],"inLanguage":"en-CA","potentialAction":[{"@type":"CommentAction","name":"Comment","target":["https:\/\/staging.nationalpardon.org\/?p=2514#respond"]}]},{"@type":"WebPage","@id":"https:\/\/staging.nationalpardon.org\/?p=2514","url":"https:\/\/staging.nationalpardon.org\/?p=2514","name":"Syst\u00e9me de pardon - Centre du pardon national","isPartOf":{"@id":"https:\/\/staging.nationalpardon.org\/#website"},"primaryImageOfPage":{"@id":"https:\/\/staging.nationalpardon.org\/?p=2514#primaryimage"},"image":{"@id":"https:\/\/staging.nationalpardon.org\/?p=2514#primaryimage"},"thumbnailUrl":"","datePublished":"2013-04-04T14:53:58+00:00","author":{"@id":"https:\/\/staging.nationalpardon.org\/#\/schema\/person\/7d8875ab66fc730533e59e05d71b75ba"},"description":"COMMUNIQU\u00e9 DE PRESSE: syst\u00e9me de pardon - Le projet de sensibilisation sur la criminalisation et la sanction invite la communaut\u00e9 \u00e0\u00a0 participer \u00e0\u00a0 un forum.","breadcrumb":{"@id":"https:\/\/staging.nationalpardon.org\/?p=2514#breadcrumb"},"inLanguage":"en-CA","potentialAction":[{"@type":"ReadAction","target":["https:\/\/staging.nationalpardon.org\/?p=2514"]}]},{"@type":"ImageObject","inLanguage":"en-CA","@id":"https:\/\/staging.nationalpardon.org\/?p=2514#primaryimage","url":"","contentUrl":""},{"@type":"BreadcrumbList","@id":"https:\/\/staging.nationalpardon.org\/?p=2514#breadcrumb","itemListElement":[{"@type":"ListItem","position":1,"name":"Home","item":"https:\/\/staging.nationalpardon.org\/"},{"@type":"ListItem","position":2,"name":"Forum public sur le nouveau syst\u00e9me de pardon"}]},{"@type":"WebSite","@id":"https:\/\/staging.nationalpardon.org\/#website","url":"https:\/\/staging.nationalpardon.org\/","name":"staging.nationalpardon.org","description":"","potentialAction":[{"@type":"SearchAction","target":{"@type":"EntryPoint","urlTemplate":"https:\/\/staging.nationalpardon.org\/?s={search_term_string}"},"query-input":{"@type":"PropertyValueSpecification","valueRequired":true,"valueName":"search_term_string"}}],"inLanguage":"en-CA"},{"@type":"Person","@id":"https:\/\/staging.nationalpardon.org\/#\/schema\/person\/7d8875ab66fc730533e59e05d71b75ba","name":"National Pardon","image":{"@type":"ImageObject","inLanguage":"en-CA","@id":"https:\/\/secure.gravatar.com\/avatar\/d55e3ad3ac775d0424d0fabd5ee073c9b71cd7bd352610bb4cc4ff574dc748fe?s=96&d=mm&r=g","url":"https:\/\/secure.gravatar.com\/avatar\/d55e3ad3ac775d0424d0fabd5ee073c9b71cd7bd352610bb4cc4ff574dc748fe?s=96&d=mm&r=g","contentUrl":"https:\/\/secure.gravatar.com\/avatar\/d55e3ad3ac775d0424d0fabd5ee073c9b71cd7bd352610bb4cc4ff574dc748fe?s=96&d=mm&r=g","caption":"National Pardon"},"url":"https:\/\/staging.nationalpardon.org\/?author=2"}]}},"_links":{"self":[{"href":"https:\/\/staging.nationalpardon.org\/index.php?rest_route=\/wp\/v2\/posts\/2514","targetHints":{"allow":["GET"]}}],"collection":[{"href":"https:\/\/staging.nationalpardon.org\/index.php?rest_route=\/wp\/v2\/posts"}],"about":[{"href":"https:\/\/staging.nationalpardon.org\/index.php?rest_route=\/wp\/v2\/types\/post"}],"author":[{"embeddable":true,"href":"https:\/\/staging.nationalpardon.org\/index.php?rest_route=\/wp\/v2\/users\/2"}],"replies":[{"embeddable":true,"href":"https:\/\/staging.nationalpardon.org\/index.php?rest_route=%2Fwp%2Fv2%2Fcomments&post=2514"}],"version-history":[{"count":0,"href":"https:\/\/staging.nationalpardon.org\/index.php?rest_route=\/wp\/v2\/posts\/2514\/revisions"}],"wp:featuredmedia":[{"embeddable":true,"href":"https:\/\/staging.nationalpardon.org\/index.php?rest_route=\/"}],"wp:attachment":[{"href":"https:\/\/staging.nationalpardon.org\/index.php?rest_route=%2Fwp%2Fv2%2Fmedia&parent=2514"}],"wp:term":[{"taxonomy":"category","embeddable":true,"href":"https:\/\/staging.nationalpardon.org\/index.php?rest_route=%2Fwp%2Fv2%2Fcategories&post=2514"},{"taxonomy":"post_tag","embeddable":true,"href":"https:\/\/staging.nationalpardon.org\/index.php?rest_route=%2Fwp%2Fv2%2Ftags&post=2514"}],"curies":[{"name":"wp","href":"https:\/\/api.w.org\/{rel}","templated":true}]}}