{"id":564,"date":"2012-04-28T08:17:38","date_gmt":"2012-04-28T08:17:38","guid":{"rendered":"http:\/\/www.nationalpardon.org\/blog\/?p=564"},"modified":"2012-04-28T08:17:38","modified_gmt":"2012-04-28T08:17:38","slug":"demande-de-pardon-amendes","status":"publish","type":"post","link":"https:\/\/staging.nationalpardon.org\/?p=564","title":{"rendered":"N&#8217;oubliez pas de payer vos amendes"},"content":{"rendered":"<p>Il est important de s&#8217;en rappeler : si vous ne payez pas vos amendes vous ne serez jamais admissible \u00e0\u00a0 demander un pardon. Avant que les conservateurs ne s&#8217;int\u00e9ressent au pardon, il existait une clause stipulant que les amendes non-pay\u00e9es datant d&#8217;il y a plus de quinze ans ne comptaient plus, c&#8217;est-\u00e0\u00a0-dire que le requ\u00e9rant pouvait demander son pardon m\u00eame s&#8217;il n&#8217;avait jamais r\u00e9gl\u00e9 son amende. Cette clause n&#8217;existe plus, ce qui veut dire que j&#8217;ai maintenant des clients dont la condamnation remonte \u00e0\u00a0 plus de quarante-cinq ans qui ne sont pas encore admissibles \u00e0\u00a0 demander un pardon. Ces malheureux individus doivent maintenant payer l&#8217;amende et attendre encore cinq ou dix ans, selon le cas.<\/p>\n<p>Je crois qu&#8217;il est important d&#8217;exiger que la sentence soit compl\u00e9t\u00e9e avant qu&#8217;un individu puisse d\u00e9poser une demande de pardon, et je crois que les amendes doivent \u00eatre pay\u00e9es, toutefois je crois \u00e9galement qu&#8217;il devrait y avoir une mesure permettant aux individus ayant d\u00e9j\u00e0\u00a0 attendu les d\u00e9lais d&#8217;admissibilit\u00e9 de payer l&#8217;amende et d&#8217;\u00eatre admissible imm\u00e9diatement au pardon. Il est pertinemment injuste d&#8217;exiger un d\u00e9lai d&#8217;admissibilit\u00e9 de 50 ans pour le pardon, et pourtant c&#8217;est un exemple parmi tant d&#8217;autres des probl\u00e9mes caus\u00e9s par la nouvelle loi impos\u00e9e par les conservateurs. Alors \u00e0\u00a0 titre de conseil, si vous avez \u00e9t\u00e9 condamn\u00e9 pour une infraction au code criminel et que le juge vous a ordonn\u00e9 de payer une amende, de gr\u00e0\u00a2ce payez-la d\u00e9s que possible, sinon vous risquez d&#8217;avoir une tr\u00e9s mauvaise surprise au moment de <a href=\"\/?page_id=5085&amp;lang=fr\">demander votre pardon<\/a>.<\/p>\n","protected":false},"excerpt":{"rendered":"<p>Il est important de s&#8217;en rappeler : si vous ne payez pas vos amendes vous ne serez jamais admissible \u00e0\u00a0 demander un pardon. Avant que les conservateurs ne s&#8217;int\u00e9ressent au pardon, il existait une clause stipulant que les amendes non-pay\u00e9es datant d&#8217;il y a plus de quinze ans ne comptaient plus, c&#8217;est-\u00e0\u00a0-dire que le requ\u00e9rant [&hellip;]<\/p>\n","protected":false},"author":2,"featured_media":0,"comment_status":"open","ping_status":"open","sticky":false,"template":"","format":"standard","meta":{"footnotes":""},"categories":[26],"tags":[],"class_list":["post-564","post","type-post","status-publish","format-standard","hentry","category-empreintes-2"],"yoast_head":"<!-- This site is optimized with the Yoast SEO plugin v27.4 - https:\/\/yoast.com\/product\/yoast-seo-wordpress\/ -->\n<title>Pourqoi payez vos amendes | Centre du pardon national<\/title>\n<meta name=\"robots\" content=\"noindex, follow, max-snippet:-1, max-image-preview:large, max-video-preview:-1\" \/>\n<meta property=\"og:locale\" content=\"en_US\" \/>\n<meta property=\"og:type\" content=\"article\" \/>\n<meta property=\"og:title\" content=\"Pourqoi payez vos amendes | Centre du pardon national\" \/>\n<meta property=\"og:description\" content=\"Il est important de s&#8217;en rappeler : si vous ne payez pas vos amendes vous ne serez jamais admissible \u00e0\u00a0 demander un pardon. Avant que les conservateurs ne s&#8217;int\u00e9ressent au pardon, il existait une clause stipulant que les amendes non-pay\u00e9es datant d&#8217;il y a plus de quinze ans ne comptaient plus, c&#8217;est-\u00e0\u00a0-dire que le requ\u00e9rant [&hellip;]\" \/>\n<meta property=\"og:url\" content=\"https:\/\/nationalpardon.org\/noubliez-pas-de-payer-vos-amendes\/?lang=fr\" \/>\n<meta property=\"og:site_name\" content=\"staging.nationalpardon.org\" \/>\n<meta property=\"article:published_time\" content=\"2012-04-28T08:17:38+00:00\" \/>\n<meta name=\"author\" content=\"National Pardon\" \/>\n<meta name=\"twitter:card\" content=\"summary_large_image\" \/>\n<meta name=\"twitter:label1\" content=\"Written by\" \/>\n\t<meta name=\"twitter:data1\" content=\"National Pardon\" \/>\n\t<meta name=\"twitter:label2\" content=\"Est. reading time\" \/>\n\t<meta name=\"twitter:data2\" content=\"1 minute\" \/>\n<script type=\"application\/ld+json\" class=\"yoast-schema-graph\">{\"@context\":\"https:\\\/\\\/schema.org\",\"@graph\":[{\"@type\":\"Article\",\"@id\":\"https:\\\/\\\/nationalpardon.org\\\/noubliez-pas-de-payer-vos-amendes\\\/?lang=fr#article\",\"isPartOf\":{\"@id\":\"https:\\\/\\\/staging.nationalpardon.org\\\/?p=564\"},\"author\":{\"name\":\"National Pardon\",\"@id\":\"https:\\\/\\\/staging.nationalpardon.org\\\/#\\\/schema\\\/person\\\/7d8875ab66fc730533e59e05d71b75ba\"},\"headline\":\"N&#8217;oubliez pas de payer vos amendes\",\"datePublished\":\"2012-04-28T08:17:38+00:00\",\"mainEntityOfPage\":{\"@id\":\"https:\\\/\\\/staging.nationalpardon.org\\\/?p=564\"},\"wordCount\":294,\"commentCount\":1,\"articleSection\":[\"Empreintes\"],\"inLanguage\":\"en-CA\",\"potentialAction\":[{\"@type\":\"CommentAction\",\"name\":\"Comment\",\"target\":[\"https:\\\/\\\/nationalpardon.org\\\/noubliez-pas-de-payer-vos-amendes\\\/?lang=fr#respond\"]}]},{\"@type\":\"WebPage\",\"@id\":\"https:\\\/\\\/staging.nationalpardon.org\\\/?p=564\",\"url\":\"https:\\\/\\\/nationalpardon.org\\\/noubliez-pas-de-payer-vos-amendes\\\/?lang=fr\",\"name\":\"Pourqoi payez vos amendes | Centre du pardon national\",\"isPartOf\":{\"@id\":\"https:\\\/\\\/staging.nationalpardon.org\\\/#website\"},\"datePublished\":\"2012-04-28T08:17:38+00:00\",\"author\":{\"@id\":\"https:\\\/\\\/staging.nationalpardon.org\\\/#\\\/schema\\\/person\\\/7d8875ab66fc730533e59e05d71b75ba\"},\"breadcrumb\":{\"@id\":\"https:\\\/\\\/nationalpardon.org\\\/noubliez-pas-de-payer-vos-amendes\\\/?lang=fr#breadcrumb\"},\"inLanguage\":\"en-CA\",\"potentialAction\":[{\"@type\":\"ReadAction\",\"target\":[\"https:\\\/\\\/nationalpardon.org\\\/noubliez-pas-de-payer-vos-amendes\\\/?lang=fr\"]}]},{\"@type\":\"BreadcrumbList\",\"@id\":\"https:\\\/\\\/nationalpardon.org\\\/noubliez-pas-de-payer-vos-amendes\\\/?lang=fr#breadcrumb\",\"itemListElement\":[{\"@type\":\"ListItem\",\"position\":1,\"name\":\"Home\",\"item\":\"https:\\\/\\\/staging.nationalpardon.org\\\/\"},{\"@type\":\"ListItem\",\"position\":2,\"name\":\"N&#8217;oubliez pas de payer vos amendes\"}]},{\"@type\":\"WebSite\",\"@id\":\"https:\\\/\\\/staging.nationalpardon.org\\\/#website\",\"url\":\"https:\\\/\\\/staging.nationalpardon.org\\\/\",\"name\":\"staging.nationalpardon.org\",\"description\":\"\",\"potentialAction\":[{\"@type\":\"SearchAction\",\"target\":{\"@type\":\"EntryPoint\",\"urlTemplate\":\"https:\\\/\\\/staging.nationalpardon.org\\\/?s={search_term_string}\"},\"query-input\":{\"@type\":\"PropertyValueSpecification\",\"valueRequired\":true,\"valueName\":\"search_term_string\"}}],\"inLanguage\":\"en-CA\"},{\"@type\":\"Person\",\"@id\":\"https:\\\/\\\/staging.nationalpardon.org\\\/#\\\/schema\\\/person\\\/7d8875ab66fc730533e59e05d71b75ba\",\"name\":\"National Pardon\",\"image\":{\"@type\":\"ImageObject\",\"inLanguage\":\"en-CA\",\"@id\":\"https:\\\/\\\/secure.gravatar.com\\\/avatar\\\/d55e3ad3ac775d0424d0fabd5ee073c9b71cd7bd352610bb4cc4ff574dc748fe?s=96&d=mm&r=g\",\"url\":\"https:\\\/\\\/secure.gravatar.com\\\/avatar\\\/d55e3ad3ac775d0424d0fabd5ee073c9b71cd7bd352610bb4cc4ff574dc748fe?s=96&d=mm&r=g\",\"contentUrl\":\"https:\\\/\\\/secure.gravatar.com\\\/avatar\\\/d55e3ad3ac775d0424d0fabd5ee073c9b71cd7bd352610bb4cc4ff574dc748fe?s=96&d=mm&r=g\",\"caption\":\"National Pardon\"},\"url\":\"https:\\\/\\\/staging.nationalpardon.org\\\/?author=2\"}]}<\/script>\n<!-- \/ Yoast SEO plugin. -->","yoast_head_json":{"title":"Pourqoi payez vos amendes | Centre du pardon national","robots":{"index":"noindex","follow":"follow","max-snippet":"max-snippet:-1","max-image-preview":"max-image-preview:large","max-video-preview":"max-video-preview:-1"},"og_locale":"en_US","og_type":"article","og_title":"Pourqoi payez vos amendes | Centre du pardon national","og_description":"Il est important de s&#8217;en rappeler : si vous ne payez pas vos amendes vous ne serez jamais admissible \u00e0\u00a0 demander un pardon. Avant que les conservateurs ne s&#8217;int\u00e9ressent au pardon, il existait une clause stipulant que les amendes non-pay\u00e9es datant d&#8217;il y a plus de quinze ans ne comptaient plus, c&#8217;est-\u00e0\u00a0-dire que le requ\u00e9rant [&hellip;]","og_url":"https:\/\/nationalpardon.org\/noubliez-pas-de-payer-vos-amendes\/?lang=fr","og_site_name":"staging.nationalpardon.org","article_published_time":"2012-04-28T08:17:38+00:00","author":"National Pardon","twitter_card":"summary_large_image","twitter_misc":{"Written by":"National Pardon","Est. reading time":"1 minute"},"schema":{"@context":"https:\/\/schema.org","@graph":[{"@type":"Article","@id":"https:\/\/nationalpardon.org\/noubliez-pas-de-payer-vos-amendes\/?lang=fr#article","isPartOf":{"@id":"https:\/\/staging.nationalpardon.org\/?p=564"},"author":{"name":"National Pardon","@id":"https:\/\/staging.nationalpardon.org\/#\/schema\/person\/7d8875ab66fc730533e59e05d71b75ba"},"headline":"N&#8217;oubliez pas de payer vos amendes","datePublished":"2012-04-28T08:17:38+00:00","mainEntityOfPage":{"@id":"https:\/\/staging.nationalpardon.org\/?p=564"},"wordCount":294,"commentCount":1,"articleSection":["Empreintes"],"inLanguage":"en-CA","potentialAction":[{"@type":"CommentAction","name":"Comment","target":["https:\/\/nationalpardon.org\/noubliez-pas-de-payer-vos-amendes\/?lang=fr#respond"]}]},{"@type":"WebPage","@id":"https:\/\/staging.nationalpardon.org\/?p=564","url":"https:\/\/nationalpardon.org\/noubliez-pas-de-payer-vos-amendes\/?lang=fr","name":"Pourqoi payez vos amendes | Centre du pardon national","isPartOf":{"@id":"https:\/\/staging.nationalpardon.org\/#website"},"datePublished":"2012-04-28T08:17:38+00:00","author":{"@id":"https:\/\/staging.nationalpardon.org\/#\/schema\/person\/7d8875ab66fc730533e59e05d71b75ba"},"breadcrumb":{"@id":"https:\/\/nationalpardon.org\/noubliez-pas-de-payer-vos-amendes\/?lang=fr#breadcrumb"},"inLanguage":"en-CA","potentialAction":[{"@type":"ReadAction","target":["https:\/\/nationalpardon.org\/noubliez-pas-de-payer-vos-amendes\/?lang=fr"]}]},{"@type":"BreadcrumbList","@id":"https:\/\/nationalpardon.org\/noubliez-pas-de-payer-vos-amendes\/?lang=fr#breadcrumb","itemListElement":[{"@type":"ListItem","position":1,"name":"Home","item":"https:\/\/staging.nationalpardon.org\/"},{"@type":"ListItem","position":2,"name":"N&#8217;oubliez pas de payer vos amendes"}]},{"@type":"WebSite","@id":"https:\/\/staging.nationalpardon.org\/#website","url":"https:\/\/staging.nationalpardon.org\/","name":"staging.nationalpardon.org","description":"","potentialAction":[{"@type":"SearchAction","target":{"@type":"EntryPoint","urlTemplate":"https:\/\/staging.nationalpardon.org\/?s={search_term_string}"},"query-input":{"@type":"PropertyValueSpecification","valueRequired":true,"valueName":"search_term_string"}}],"inLanguage":"en-CA"},{"@type":"Person","@id":"https:\/\/staging.nationalpardon.org\/#\/schema\/person\/7d8875ab66fc730533e59e05d71b75ba","name":"National Pardon","image":{"@type":"ImageObject","inLanguage":"en-CA","@id":"https:\/\/secure.gravatar.com\/avatar\/d55e3ad3ac775d0424d0fabd5ee073c9b71cd7bd352610bb4cc4ff574dc748fe?s=96&d=mm&r=g","url":"https:\/\/secure.gravatar.com\/avatar\/d55e3ad3ac775d0424d0fabd5ee073c9b71cd7bd352610bb4cc4ff574dc748fe?s=96&d=mm&r=g","contentUrl":"https:\/\/secure.gravatar.com\/avatar\/d55e3ad3ac775d0424d0fabd5ee073c9b71cd7bd352610bb4cc4ff574dc748fe?s=96&d=mm&r=g","caption":"National Pardon"},"url":"https:\/\/staging.nationalpardon.org\/?author=2"}]}},"_links":{"self":[{"href":"https:\/\/staging.nationalpardon.org\/index.php?rest_route=\/wp\/v2\/posts\/564","targetHints":{"allow":["GET"]}}],"collection":[{"href":"https:\/\/staging.nationalpardon.org\/index.php?rest_route=\/wp\/v2\/posts"}],"about":[{"href":"https:\/\/staging.nationalpardon.org\/index.php?rest_route=\/wp\/v2\/types\/post"}],"author":[{"embeddable":true,"href":"https:\/\/staging.nationalpardon.org\/index.php?rest_route=\/wp\/v2\/users\/2"}],"replies":[{"embeddable":true,"href":"https:\/\/staging.nationalpardon.org\/index.php?rest_route=%2Fwp%2Fv2%2Fcomments&post=564"}],"version-history":[{"count":0,"href":"https:\/\/staging.nationalpardon.org\/index.php?rest_route=\/wp\/v2\/posts\/564\/revisions"}],"wp:attachment":[{"href":"https:\/\/staging.nationalpardon.org\/index.php?rest_route=%2Fwp%2Fv2%2Fmedia&parent=564"}],"wp:term":[{"taxonomy":"category","embeddable":true,"href":"https:\/\/staging.nationalpardon.org\/index.php?rest_route=%2Fwp%2Fv2%2Fcategories&post=564"},{"taxonomy":"post_tag","embeddable":true,"href":"https:\/\/staging.nationalpardon.org\/index.php?rest_route=%2Fwp%2Fv2%2Ftags&post=564"}],"curies":[{"name":"wp","href":"https:\/\/api.w.org\/{rel}","templated":true}]}}