{"id":6071,"date":"2014-06-25T16:26:58","date_gmt":"2014-06-25T16:26:58","guid":{"rendered":"http:\/\/nationalpardon.wilty.ca\/?p=6071"},"modified":"2014-06-25T16:26:58","modified_gmt":"2014-06-25T16:26:58","slug":"de-bonnes-nouvelles-pour-le-pardon-du-moins-je-lespere-2","status":"publish","type":"post","link":"https:\/\/staging.nationalpardon.org\/?p=6071","title":{"rendered":"De bonnes nouvelles pour le pardon (du moins je l\u2019esp\u00e8re)"},"content":{"rendered":"<p style=\"color: #58595b;\">Depuis maintenant deux ans, le syst\u00e8me de pardon est plong\u00e9 dans l\u2019incertitude. Une des cons\u00e9quences de l\u2019adoption de la loi C23A, au mois de juin, 2010, a \u00e9t\u00e9 un embouteillage de demandes \u00e0 la Commission des lib\u00e9rations conditionnelles. Un embouteillage qui ne cesse de s\u2019aggraver depuis. Toutefois, depuis l\u2019adoption de la loi C10 au mois de mars dernier il semblerait que les d\u00e9lais de traitement de la CLC sont significativement plus courts pour les nouvelles demandes de suspension du casier, dont certaines ont \u00e9t\u00e9 trait\u00e9es et accept\u00e9es en moins de deux mois. Il est vrai que ceci est injuste pour les individus dont la demande a \u00e9t\u00e9 d\u00e9pos\u00e9e sous l\u2019ancien syst\u00e8me (certains d\u2019entre eux attendent leur pardon depuis bient\u00f4t 2 ans), mais il est tout de m\u00eame encourageant de voir que la CLC a corrig\u00e9 les \u00e9l\u00e9ments fautifs du processus.<\/p>\n<p style=\"color: #58595b;\">D\u2019autres bonnes nouvelles, cette fois du c\u00f4t\u00e9 de la GRC\u00a0: l\u2019embouteillage d\u2019empreintes digitales semble se d\u00e9gager depuis quelques mois, et le d\u00e9lai de traitement actuel pour certifier des empreintes pour une\u00a0<a style=\"color: #3088ff;\" title=\"demande de pardon\" href=\"http:\/\/www.nationalpardon.org\/french\/\">demande de pardon<\/a>\u00a0ou waiver est d\u2019environ deux semaines \u2013 ce qui est tout \u00e0 fait exceptionnel.<\/p>\n<p style=\"color: #58595b;\">Il est tr\u00e8s encourageant de constater ces redressements, et nous esp\u00e9rons que la tendance se maintiendra. Avec un peu de chance, certains de nos clients obtiendront peut-\u00eatre m\u00eame leur pardon dans un d\u00e9lai aussi court que 3 ou 4 mois.<\/p>\n","protected":false},"excerpt":{"rendered":"<p>Depuis maintenant deux ans, le syst\u00e8me de pardon est plong\u00e9 dans l\u2019incertitude. Une des cons\u00e9quences de l\u2019adoption de la loi C23A, au mois de juin, 2010, a \u00e9t\u00e9 un embouteillage de demandes \u00e0 la Commission des lib\u00e9rations conditionnelles. Un embouteillage qui ne cesse de s\u2019aggraver depuis. Toutefois, depuis l\u2019adoption de la loi C10 au mois [&hellip;]<\/p>\n","protected":false},"author":2,"featured_media":17030,"comment_status":"open","ping_status":"open","sticky":false,"template":"","format":"standard","meta":{"footnotes":""},"categories":[26],"tags":[],"class_list":["post-6071","post","type-post","status-publish","format-standard","has-post-thumbnail","hentry","category-empreintes-2"],"yoast_head":"<!-- This site is optimized with the Yoast SEO plugin v27.4 - https:\/\/yoast.com\/product\/yoast-seo-wordpress\/ -->\n<title>De bonnes nouvelles pour le pardon (du moins je l\u2019esp\u00e8re) - staging.nationalpardon.org<\/title>\n<meta name=\"robots\" content=\"noindex, follow, max-snippet:-1, max-image-preview:large, max-video-preview:-1\" \/>\n<meta property=\"og:locale\" content=\"en_US\" \/>\n<meta property=\"og:type\" content=\"article\" \/>\n<meta property=\"og:title\" content=\"De bonnes nouvelles pour le pardon (du moins je l\u2019esp\u00e8re) - staging.nationalpardon.org\" \/>\n<meta property=\"og:description\" content=\"Depuis maintenant deux ans, le syst\u00e8me de pardon est plong\u00e9 dans l\u2019incertitude. Une des cons\u00e9quences de l\u2019adoption de la loi C23A, au mois de juin, 2010, a \u00e9t\u00e9 un embouteillage de demandes \u00e0 la Commission des lib\u00e9rations conditionnelles. Un embouteillage qui ne cesse de s\u2019aggraver depuis. Toutefois, depuis l\u2019adoption de la loi C10 au mois [&hellip;]\" \/>\n<meta property=\"og:url\" content=\"https:\/\/staging.nationalpardon.org\/?p=6071\" \/>\n<meta property=\"og:site_name\" content=\"staging.nationalpardon.org\" \/>\n<meta property=\"article:published_time\" content=\"2014-06-25T16:26:58+00:00\" \/>\n<meta name=\"author\" content=\"National Pardon\" \/>\n<meta name=\"twitter:card\" content=\"summary_large_image\" \/>\n<meta name=\"twitter:label1\" content=\"Written by\" \/>\n\t<meta name=\"twitter:data1\" content=\"National Pardon\" \/>\n\t<meta name=\"twitter:label2\" content=\"Est. reading time\" \/>\n\t<meta name=\"twitter:data2\" content=\"1 minute\" \/>\n<script type=\"application\/ld+json\" class=\"yoast-schema-graph\">{\"@context\":\"https:\\\/\\\/schema.org\",\"@graph\":[{\"@type\":\"Article\",\"@id\":\"https:\\\/\\\/staging.nationalpardon.org\\\/?p=6071#article\",\"isPartOf\":{\"@id\":\"https:\\\/\\\/staging.nationalpardon.org\\\/?p=6071\"},\"author\":{\"name\":\"National Pardon\",\"@id\":\"https:\\\/\\\/staging.nationalpardon.org\\\/#\\\/schema\\\/person\\\/7d8875ab66fc730533e59e05d71b75ba\"},\"headline\":\"De bonnes nouvelles pour le pardon (du moins je l\u2019esp\u00e8re)\",\"datePublished\":\"2014-06-25T16:26:58+00:00\",\"mainEntityOfPage\":{\"@id\":\"https:\\\/\\\/staging.nationalpardon.org\\\/?p=6071\"},\"wordCount\":264,\"commentCount\":0,\"image\":{\"@id\":\"https:\\\/\\\/staging.nationalpardon.org\\\/?p=6071#primaryimage\"},\"thumbnailUrl\":\"\",\"articleSection\":[\"Empreintes\"],\"inLanguage\":\"en-CA\",\"potentialAction\":[{\"@type\":\"CommentAction\",\"name\":\"Comment\",\"target\":[\"https:\\\/\\\/staging.nationalpardon.org\\\/?p=6071#respond\"]}]},{\"@type\":\"WebPage\",\"@id\":\"https:\\\/\\\/staging.nationalpardon.org\\\/?p=6071\",\"url\":\"https:\\\/\\\/staging.nationalpardon.org\\\/?p=6071\",\"name\":\"De bonnes nouvelles pour le pardon (du moins je l\u2019esp\u00e8re) - staging.nationalpardon.org\",\"isPartOf\":{\"@id\":\"https:\\\/\\\/staging.nationalpardon.org\\\/#website\"},\"primaryImageOfPage\":{\"@id\":\"https:\\\/\\\/staging.nationalpardon.org\\\/?p=6071#primaryimage\"},\"image\":{\"@id\":\"https:\\\/\\\/staging.nationalpardon.org\\\/?p=6071#primaryimage\"},\"thumbnailUrl\":\"\",\"datePublished\":\"2014-06-25T16:26:58+00:00\",\"author\":{\"@id\":\"https:\\\/\\\/staging.nationalpardon.org\\\/#\\\/schema\\\/person\\\/7d8875ab66fc730533e59e05d71b75ba\"},\"breadcrumb\":{\"@id\":\"https:\\\/\\\/staging.nationalpardon.org\\\/?p=6071#breadcrumb\"},\"inLanguage\":\"en-CA\",\"potentialAction\":[{\"@type\":\"ReadAction\",\"target\":[\"https:\\\/\\\/staging.nationalpardon.org\\\/?p=6071\"]}]},{\"@type\":\"ImageObject\",\"inLanguage\":\"en-CA\",\"@id\":\"https:\\\/\\\/staging.nationalpardon.org\\\/?p=6071#primaryimage\",\"url\":\"\",\"contentUrl\":\"\"},{\"@type\":\"BreadcrumbList\",\"@id\":\"https:\\\/\\\/staging.nationalpardon.org\\\/?p=6071#breadcrumb\",\"itemListElement\":[{\"@type\":\"ListItem\",\"position\":1,\"name\":\"Home\",\"item\":\"https:\\\/\\\/staging.nationalpardon.org\\\/\"},{\"@type\":\"ListItem\",\"position\":2,\"name\":\"De bonnes nouvelles pour le pardon (du moins je l\u2019esp\u00e8re)\"}]},{\"@type\":\"WebSite\",\"@id\":\"https:\\\/\\\/staging.nationalpardon.org\\\/#website\",\"url\":\"https:\\\/\\\/staging.nationalpardon.org\\\/\",\"name\":\"staging.nationalpardon.org\",\"description\":\"\",\"potentialAction\":[{\"@type\":\"SearchAction\",\"target\":{\"@type\":\"EntryPoint\",\"urlTemplate\":\"https:\\\/\\\/staging.nationalpardon.org\\\/?s={search_term_string}\"},\"query-input\":{\"@type\":\"PropertyValueSpecification\",\"valueRequired\":true,\"valueName\":\"search_term_string\"}}],\"inLanguage\":\"en-CA\"},{\"@type\":\"Person\",\"@id\":\"https:\\\/\\\/staging.nationalpardon.org\\\/#\\\/schema\\\/person\\\/7d8875ab66fc730533e59e05d71b75ba\",\"name\":\"National Pardon\",\"image\":{\"@type\":\"ImageObject\",\"inLanguage\":\"en-CA\",\"@id\":\"https:\\\/\\\/secure.gravatar.com\\\/avatar\\\/d55e3ad3ac775d0424d0fabd5ee073c9b71cd7bd352610bb4cc4ff574dc748fe?s=96&d=mm&r=g\",\"url\":\"https:\\\/\\\/secure.gravatar.com\\\/avatar\\\/d55e3ad3ac775d0424d0fabd5ee073c9b71cd7bd352610bb4cc4ff574dc748fe?s=96&d=mm&r=g\",\"contentUrl\":\"https:\\\/\\\/secure.gravatar.com\\\/avatar\\\/d55e3ad3ac775d0424d0fabd5ee073c9b71cd7bd352610bb4cc4ff574dc748fe?s=96&d=mm&r=g\",\"caption\":\"National Pardon\"},\"url\":\"https:\\\/\\\/staging.nationalpardon.org\\\/?author=2\"}]}<\/script>\n<!-- \/ Yoast SEO plugin. -->","yoast_head_json":{"title":"De bonnes nouvelles pour le pardon (du moins je l\u2019esp\u00e8re) - staging.nationalpardon.org","robots":{"index":"noindex","follow":"follow","max-snippet":"max-snippet:-1","max-image-preview":"max-image-preview:large","max-video-preview":"max-video-preview:-1"},"og_locale":"en_US","og_type":"article","og_title":"De bonnes nouvelles pour le pardon (du moins je l\u2019esp\u00e8re) - staging.nationalpardon.org","og_description":"Depuis maintenant deux ans, le syst\u00e8me de pardon est plong\u00e9 dans l\u2019incertitude. Une des cons\u00e9quences de l\u2019adoption de la loi C23A, au mois de juin, 2010, a \u00e9t\u00e9 un embouteillage de demandes \u00e0 la Commission des lib\u00e9rations conditionnelles. Un embouteillage qui ne cesse de s\u2019aggraver depuis. Toutefois, depuis l\u2019adoption de la loi C10 au mois [&hellip;]","og_url":"https:\/\/staging.nationalpardon.org\/?p=6071","og_site_name":"staging.nationalpardon.org","article_published_time":"2014-06-25T16:26:58+00:00","author":"National Pardon","twitter_card":"summary_large_image","twitter_misc":{"Written by":"National Pardon","Est. reading time":"1 minute"},"schema":{"@context":"https:\/\/schema.org","@graph":[{"@type":"Article","@id":"https:\/\/staging.nationalpardon.org\/?p=6071#article","isPartOf":{"@id":"https:\/\/staging.nationalpardon.org\/?p=6071"},"author":{"name":"National Pardon","@id":"https:\/\/staging.nationalpardon.org\/#\/schema\/person\/7d8875ab66fc730533e59e05d71b75ba"},"headline":"De bonnes nouvelles pour le pardon (du moins je l\u2019esp\u00e8re)","datePublished":"2014-06-25T16:26:58+00:00","mainEntityOfPage":{"@id":"https:\/\/staging.nationalpardon.org\/?p=6071"},"wordCount":264,"commentCount":0,"image":{"@id":"https:\/\/staging.nationalpardon.org\/?p=6071#primaryimage"},"thumbnailUrl":"","articleSection":["Empreintes"],"inLanguage":"en-CA","potentialAction":[{"@type":"CommentAction","name":"Comment","target":["https:\/\/staging.nationalpardon.org\/?p=6071#respond"]}]},{"@type":"WebPage","@id":"https:\/\/staging.nationalpardon.org\/?p=6071","url":"https:\/\/staging.nationalpardon.org\/?p=6071","name":"De bonnes nouvelles pour le pardon (du moins je l\u2019esp\u00e8re) - staging.nationalpardon.org","isPartOf":{"@id":"https:\/\/staging.nationalpardon.org\/#website"},"primaryImageOfPage":{"@id":"https:\/\/staging.nationalpardon.org\/?p=6071#primaryimage"},"image":{"@id":"https:\/\/staging.nationalpardon.org\/?p=6071#primaryimage"},"thumbnailUrl":"","datePublished":"2014-06-25T16:26:58+00:00","author":{"@id":"https:\/\/staging.nationalpardon.org\/#\/schema\/person\/7d8875ab66fc730533e59e05d71b75ba"},"breadcrumb":{"@id":"https:\/\/staging.nationalpardon.org\/?p=6071#breadcrumb"},"inLanguage":"en-CA","potentialAction":[{"@type":"ReadAction","target":["https:\/\/staging.nationalpardon.org\/?p=6071"]}]},{"@type":"ImageObject","inLanguage":"en-CA","@id":"https:\/\/staging.nationalpardon.org\/?p=6071#primaryimage","url":"","contentUrl":""},{"@type":"BreadcrumbList","@id":"https:\/\/staging.nationalpardon.org\/?p=6071#breadcrumb","itemListElement":[{"@type":"ListItem","position":1,"name":"Home","item":"https:\/\/staging.nationalpardon.org\/"},{"@type":"ListItem","position":2,"name":"De bonnes nouvelles pour le pardon (du moins je l\u2019esp\u00e8re)"}]},{"@type":"WebSite","@id":"https:\/\/staging.nationalpardon.org\/#website","url":"https:\/\/staging.nationalpardon.org\/","name":"staging.nationalpardon.org","description":"","potentialAction":[{"@type":"SearchAction","target":{"@type":"EntryPoint","urlTemplate":"https:\/\/staging.nationalpardon.org\/?s={search_term_string}"},"query-input":{"@type":"PropertyValueSpecification","valueRequired":true,"valueName":"search_term_string"}}],"inLanguage":"en-CA"},{"@type":"Person","@id":"https:\/\/staging.nationalpardon.org\/#\/schema\/person\/7d8875ab66fc730533e59e05d71b75ba","name":"National Pardon","image":{"@type":"ImageObject","inLanguage":"en-CA","@id":"https:\/\/secure.gravatar.com\/avatar\/d55e3ad3ac775d0424d0fabd5ee073c9b71cd7bd352610bb4cc4ff574dc748fe?s=96&d=mm&r=g","url":"https:\/\/secure.gravatar.com\/avatar\/d55e3ad3ac775d0424d0fabd5ee073c9b71cd7bd352610bb4cc4ff574dc748fe?s=96&d=mm&r=g","contentUrl":"https:\/\/secure.gravatar.com\/avatar\/d55e3ad3ac775d0424d0fabd5ee073c9b71cd7bd352610bb4cc4ff574dc748fe?s=96&d=mm&r=g","caption":"National Pardon"},"url":"https:\/\/staging.nationalpardon.org\/?author=2"}]}},"_links":{"self":[{"href":"https:\/\/staging.nationalpardon.org\/index.php?rest_route=\/wp\/v2\/posts\/6071","targetHints":{"allow":["GET"]}}],"collection":[{"href":"https:\/\/staging.nationalpardon.org\/index.php?rest_route=\/wp\/v2\/posts"}],"about":[{"href":"https:\/\/staging.nationalpardon.org\/index.php?rest_route=\/wp\/v2\/types\/post"}],"author":[{"embeddable":true,"href":"https:\/\/staging.nationalpardon.org\/index.php?rest_route=\/wp\/v2\/users\/2"}],"replies":[{"embeddable":true,"href":"https:\/\/staging.nationalpardon.org\/index.php?rest_route=%2Fwp%2Fv2%2Fcomments&post=6071"}],"version-history":[{"count":0,"href":"https:\/\/staging.nationalpardon.org\/index.php?rest_route=\/wp\/v2\/posts\/6071\/revisions"}],"wp:featuredmedia":[{"embeddable":true,"href":"https:\/\/staging.nationalpardon.org\/index.php?rest_route=\/"}],"wp:attachment":[{"href":"https:\/\/staging.nationalpardon.org\/index.php?rest_route=%2Fwp%2Fv2%2Fmedia&parent=6071"}],"wp:term":[{"taxonomy":"category","embeddable":true,"href":"https:\/\/staging.nationalpardon.org\/index.php?rest_route=%2Fwp%2Fv2%2Fcategories&post=6071"},{"taxonomy":"post_tag","embeddable":true,"href":"https:\/\/staging.nationalpardon.org\/index.php?rest_route=%2Fwp%2Fv2%2Ftags&post=6071"}],"curies":[{"name":"wp","href":"https:\/\/api.w.org\/{rel}","templated":true}]}}