{"id":6087,"date":"2014-06-25T16:36:11","date_gmt":"2014-06-25T16:36:11","guid":{"rendered":"http:\/\/nationalpardon.wilty.ca\/?p=6087"},"modified":"2014-06-25T16:36:11","modified_gmt":"2014-06-25T16:36:11","slug":"les-demandes-de-pardon-ne-sont-pas-eliminees","status":"publish","type":"post","link":"https:\/\/staging.nationalpardon.org\/?p=6087","title":{"rendered":"Les demandes de pardon ne sont pas \u00e9limin\u00e9es"},"content":{"rendered":"<h2 style=\"color: #223f83;\">Les faits sur les pardons<a style=\"color: #3088ff;\" href=\"http:\/\/www.nationalpardon.org\/wp-content\/uploads\/2013\/08\/Facts-on-Pardons.png\"><img loading=\"lazy\" decoding=\"async\" class=\" wp-image-2810  alignright\" src=\"http:\/\/www.nationalpardon.org\/wp-content\/uploads\/2013\/08\/Facts-on-Pardons.png\" alt=\"Facts on Pardons\" width=\"307\" height=\"546\" \/><\/a><b><em id=\"__mceDel\"><\/em><\/b><\/h2>\n<p style=\"color: #58595b;\">Contrairement aux publicit\u00e9s comme celle apparaissant dans ce billet et qui sont publi\u00e9es r\u00e9guli\u00e8rement sur Facebook,\u00a0<a style=\"color: #3088ff;\" title=\"demande de pardon \" href=\"http:\/\/www.nationalpardon.org\/fr\/pardon-canadien\/\">les pardons<\/a>\u00a0NE SONT pas \u00e9limin\u00e9s.<\/p>\n<p style=\"color: #58595b;\"><em>Cette publication sugg\u00e9r\u00e9e par une autre compagnie est clairement fausse et trompeuse. Jusqu\u2019\u00e0 maintenant, nous n\u2019avons pas trouv\u00e9 de publicit\u00e9 similaire en fran\u00e7ais. Si vous en voyez une, merci de la porter \u00e0 notre attention.<\/em><\/p>\n<p style=\"color: #58595b;\">Le gouvernement\u00a0conservateur a en fait proc\u00e9d\u00e9 \u00e0 quelques changements, mais ces changements ont eu lieu il y a un certain temps et il n\u2019y a aucun nouveau projet de loi sur ce sujet en ce moment.<\/p>\n<p style=\"color: #58595b;\">Comment les demandes de pardons ont-ils chang\u00e9?<\/p>\n<ol style=\"color: #555555;\">\n<li>L\u2019expression \u00ab\u00a0pardon\u00a0\u00bb a \u00e9t\u00e9 chang\u00e9e pour \u00ab\u00a0suspension de casier\u00a0\u00bb. Il s\u2019agit toutefois de la m\u00eame proc\u00e9dure.<\/li>\n<li>Les temps d\u2019attente pour l\u2019\u00e9ligibilit\u00e9 ont \u00e9t\u00e9 augment\u00e9s de 3 et 5 ans \u00e0 5 et 10 ans.<\/li>\n<li>Une r\u00e8gle de \u00ab\u00a0trois prises\u00a0\u00bb a \u00e9t\u00e9 implant\u00e9e pour toute personne ayant PLUS de trois infractions par mise en accusation pour lesquelles elle a re\u00e7u une sentence de plus de deux ans de p\u00e9nitencier.<\/li>\n<li>Les personnes ayant des infractions de nature sexuelle envers des mineurs ne sont plus \u00e9ligibles pour recevoir un pardon.<\/li>\n<\/ol>\n<h2 style=\"color: #223f83;\">Que dois-je savoir de plus?<\/h2>\n<p style=\"color: #58595b;\">Vous devriez savoir qu\u2019une compagnie op\u00e9rant sous plusieurs noms fait une fausse publicit\u00e9 pr\u00e9tendant que les pardons sont sur le point d\u2019\u00eatre \u00e9limin\u00e9s. Il s\u2019agit d\u2019une tactique de vente sous pression que j\u2019essaie activement de faire arr\u00eater.<\/p>\n<h2 style=\"color: #223f83;\">Quelle compagnie m\u00e8ne cette campagne?<\/h2>\n<p style=\"color: #58595b;\">Je ne suis pas certain du nom de la compagnie-m\u00e8re, mais les noms suivants sont associ\u00e9s \u00e0 ces publicit\u00e9s frauduleuses\u00a0:<\/p>\n<ol style=\"color: #555555;\">\n<li>Trusted Pardons<\/li>\n<li>Federal Pardons and Waiver Services<\/li>\n<li>Pardons and Waivers Canada<\/li>\n<\/ol>\n<p style=\"color: #58595b;\">Il y en a plusieurs autres, mais il n\u2019est pas n\u00e9cessaire d\u2019en faire la liste ici.<\/p>\n<h2 style=\"color: #223f83;\">Que puis-je faire?<\/h2>\n<p style=\"color: #58595b;\">Si vous croyez que quelqu\u2019un vous donne de la fausse information, arr\u00eatez imm\u00e9diatement de faire affaire avec eux. Ne donnez pas votre num\u00e9ro de carte de cr\u00e9dit. Faites des recherches approfondies sur la compagnie et n\u2019ouvrez de dossier avec une entreprise du domaine des demandes de pardon et de waiver que si vous croyez que la compagnie avec qui vous faites affaire est r\u00e9put\u00e9e et digne de confiance.<\/p>\n<h2 style=\"color: #223f83;\">Quoi d\u2019autre?<\/h2>\n<p style=\"color: #58595b;\">Si vous avez des questions ou des pr\u00e9occupations sur les entreprises frauduleuses \u0153uvrant dans le domaine des demandes de pardon et de waiver ou sur quoi que ce soit d\u2019autre en lien avec les demandes de pardon (suspensions de casier), n\u2019h\u00e9sitez pas \u00e0 me contacter. Je serai ravi de vous parler et je suis toujours honn\u00eate.<\/p>\n<p style=\"color: #58595b;\">Sinc\u00e8rement,<\/p>\n<p style=\"color: #58595b;\">Keri Wallis ext 225<\/p>\n","protected":false},"excerpt":{"rendered":"<p>Les faits sur les pardons Contrairement aux publicit\u00e9s comme celle apparaissant dans ce billet et qui sont publi\u00e9es r\u00e9guli\u00e8rement sur Facebook,\u00a0les pardons\u00a0NE SONT pas \u00e9limin\u00e9s. Cette publication sugg\u00e9r\u00e9e par une autre compagnie est clairement fausse et trompeuse. Jusqu\u2019\u00e0 maintenant, nous n\u2019avons pas trouv\u00e9 de publicit\u00e9 similaire en fran\u00e7ais. Si vous en voyez une, merci de [&hellip;]<\/p>\n","protected":false},"author":2,"featured_media":17030,"comment_status":"open","ping_status":"open","sticky":false,"template":"","format":"standard","meta":{"footnotes":""},"categories":[26],"tags":[],"class_list":["post-6087","post","type-post","status-publish","format-standard","has-post-thumbnail","hentry","category-empreintes-2"],"yoast_head":"<!-- This site is optimized with the Yoast SEO plugin v27.4 - https:\/\/yoast.com\/product\/yoast-seo-wordpress\/ -->\n<title>Les pardon ne sont pas \u00e9limin\u00e9es | Centre du pardon national<\/title>\n<meta name=\"description\" content=\"Contrairement aux publicit\u00e9s comme celle apparaissant dans ce billet et qui sont publi\u00e9es r\u00e9guli\u00e8rement sur Facebook, les pardons NE SONT pas \u00e9limin\u00e9s.\" \/>\n<meta name=\"robots\" content=\"noindex, follow, max-snippet:-1, max-image-preview:large, max-video-preview:-1\" \/>\n<meta property=\"og:locale\" content=\"en_US\" \/>\n<meta property=\"og:type\" content=\"article\" \/>\n<meta property=\"og:title\" content=\"Les pardon ne sont pas \u00e9limin\u00e9es | Centre du pardon national\" \/>\n<meta property=\"og:description\" content=\"Contrairement aux publicit\u00e9s comme celle apparaissant dans ce billet et qui sont publi\u00e9es r\u00e9guli\u00e8rement sur Facebook, les pardons NE SONT pas \u00e9limin\u00e9s.\" \/>\n<meta property=\"og:url\" content=\"https:\/\/staging.nationalpardon.org\/?p=6087\" \/>\n<meta property=\"og:site_name\" content=\"staging.nationalpardon.org\" \/>\n<meta property=\"article:published_time\" content=\"2014-06-25T16:36:11+00:00\" \/>\n<meta name=\"author\" content=\"National Pardon\" \/>\n<meta name=\"twitter:card\" content=\"summary_large_image\" \/>\n<meta name=\"twitter:label1\" content=\"Written by\" \/>\n\t<meta name=\"twitter:data1\" content=\"National Pardon\" \/>\n\t<meta name=\"twitter:label2\" content=\"Est. reading time\" \/>\n\t<meta name=\"twitter:data2\" content=\"2 minutes\" \/>\n<script type=\"application\/ld+json\" class=\"yoast-schema-graph\">{\"@context\":\"https:\\\/\\\/schema.org\",\"@graph\":[{\"@type\":\"Article\",\"@id\":\"https:\\\/\\\/staging.nationalpardon.org\\\/?p=6087#article\",\"isPartOf\":{\"@id\":\"https:\\\/\\\/staging.nationalpardon.org\\\/?p=6087\"},\"author\":{\"name\":\"National Pardon\",\"@id\":\"https:\\\/\\\/staging.nationalpardon.org\\\/#\\\/schema\\\/person\\\/7d8875ab66fc730533e59e05d71b75ba\"},\"headline\":\"Les demandes de pardon ne sont pas \u00e9limin\u00e9es\",\"datePublished\":\"2014-06-25T16:36:11+00:00\",\"mainEntityOfPage\":{\"@id\":\"https:\\\/\\\/staging.nationalpardon.org\\\/?p=6087\"},\"wordCount\":474,\"commentCount\":2,\"image\":{\"@id\":\"https:\\\/\\\/staging.nationalpardon.org\\\/?p=6087#primaryimage\"},\"thumbnailUrl\":\"\",\"articleSection\":[\"Empreintes\"],\"inLanguage\":\"en-CA\",\"potentialAction\":[{\"@type\":\"CommentAction\",\"name\":\"Comment\",\"target\":[\"https:\\\/\\\/staging.nationalpardon.org\\\/?p=6087#respond\"]}]},{\"@type\":\"WebPage\",\"@id\":\"https:\\\/\\\/staging.nationalpardon.org\\\/?p=6087\",\"url\":\"https:\\\/\\\/staging.nationalpardon.org\\\/?p=6087\",\"name\":\"Les pardon ne sont pas \u00e9limin\u00e9es | Centre du pardon national\",\"isPartOf\":{\"@id\":\"https:\\\/\\\/staging.nationalpardon.org\\\/#website\"},\"primaryImageOfPage\":{\"@id\":\"https:\\\/\\\/staging.nationalpardon.org\\\/?p=6087#primaryimage\"},\"image\":{\"@id\":\"https:\\\/\\\/staging.nationalpardon.org\\\/?p=6087#primaryimage\"},\"thumbnailUrl\":\"\",\"datePublished\":\"2014-06-25T16:36:11+00:00\",\"author\":{\"@id\":\"https:\\\/\\\/staging.nationalpardon.org\\\/#\\\/schema\\\/person\\\/7d8875ab66fc730533e59e05d71b75ba\"},\"description\":\"Contrairement aux publicit\u00e9s comme celle apparaissant dans ce billet et qui sont publi\u00e9es r\u00e9guli\u00e8rement sur Facebook, les pardons NE SONT pas \u00e9limin\u00e9s.\",\"breadcrumb\":{\"@id\":\"https:\\\/\\\/staging.nationalpardon.org\\\/?p=6087#breadcrumb\"},\"inLanguage\":\"en-CA\",\"potentialAction\":[{\"@type\":\"ReadAction\",\"target\":[\"https:\\\/\\\/staging.nationalpardon.org\\\/?p=6087\"]}]},{\"@type\":\"ImageObject\",\"inLanguage\":\"en-CA\",\"@id\":\"https:\\\/\\\/staging.nationalpardon.org\\\/?p=6087#primaryimage\",\"url\":\"\",\"contentUrl\":\"\"},{\"@type\":\"BreadcrumbList\",\"@id\":\"https:\\\/\\\/staging.nationalpardon.org\\\/?p=6087#breadcrumb\",\"itemListElement\":[{\"@type\":\"ListItem\",\"position\":1,\"name\":\"Home\",\"item\":\"https:\\\/\\\/staging.nationalpardon.org\\\/\"},{\"@type\":\"ListItem\",\"position\":2,\"name\":\"Les demandes de pardon ne sont pas \u00e9limin\u00e9es\"}]},{\"@type\":\"WebSite\",\"@id\":\"https:\\\/\\\/staging.nationalpardon.org\\\/#website\",\"url\":\"https:\\\/\\\/staging.nationalpardon.org\\\/\",\"name\":\"staging.nationalpardon.org\",\"description\":\"\",\"potentialAction\":[{\"@type\":\"SearchAction\",\"target\":{\"@type\":\"EntryPoint\",\"urlTemplate\":\"https:\\\/\\\/staging.nationalpardon.org\\\/?s={search_term_string}\"},\"query-input\":{\"@type\":\"PropertyValueSpecification\",\"valueRequired\":true,\"valueName\":\"search_term_string\"}}],\"inLanguage\":\"en-CA\"},{\"@type\":\"Person\",\"@id\":\"https:\\\/\\\/staging.nationalpardon.org\\\/#\\\/schema\\\/person\\\/7d8875ab66fc730533e59e05d71b75ba\",\"name\":\"National Pardon\",\"image\":{\"@type\":\"ImageObject\",\"inLanguage\":\"en-CA\",\"@id\":\"https:\\\/\\\/secure.gravatar.com\\\/avatar\\\/d55e3ad3ac775d0424d0fabd5ee073c9b71cd7bd352610bb4cc4ff574dc748fe?s=96&d=mm&r=g\",\"url\":\"https:\\\/\\\/secure.gravatar.com\\\/avatar\\\/d55e3ad3ac775d0424d0fabd5ee073c9b71cd7bd352610bb4cc4ff574dc748fe?s=96&d=mm&r=g\",\"contentUrl\":\"https:\\\/\\\/secure.gravatar.com\\\/avatar\\\/d55e3ad3ac775d0424d0fabd5ee073c9b71cd7bd352610bb4cc4ff574dc748fe?s=96&d=mm&r=g\",\"caption\":\"National Pardon\"},\"url\":\"https:\\\/\\\/staging.nationalpardon.org\\\/?author=2\"}]}<\/script>\n<!-- \/ Yoast SEO plugin. -->","yoast_head_json":{"title":"Les pardon ne sont pas \u00e9limin\u00e9es | Centre du pardon national","description":"Contrairement aux publicit\u00e9s comme celle apparaissant dans ce billet et qui sont publi\u00e9es r\u00e9guli\u00e8rement sur Facebook, les pardons NE SONT pas \u00e9limin\u00e9s.","robots":{"index":"noindex","follow":"follow","max-snippet":"max-snippet:-1","max-image-preview":"max-image-preview:large","max-video-preview":"max-video-preview:-1"},"og_locale":"en_US","og_type":"article","og_title":"Les pardon ne sont pas \u00e9limin\u00e9es | Centre du pardon national","og_description":"Contrairement aux publicit\u00e9s comme celle apparaissant dans ce billet et qui sont publi\u00e9es r\u00e9guli\u00e8rement sur Facebook, les pardons NE SONT pas \u00e9limin\u00e9s.","og_url":"https:\/\/staging.nationalpardon.org\/?p=6087","og_site_name":"staging.nationalpardon.org","article_published_time":"2014-06-25T16:36:11+00:00","author":"National Pardon","twitter_card":"summary_large_image","twitter_misc":{"Written by":"National Pardon","Est. reading time":"2 minutes"},"schema":{"@context":"https:\/\/schema.org","@graph":[{"@type":"Article","@id":"https:\/\/staging.nationalpardon.org\/?p=6087#article","isPartOf":{"@id":"https:\/\/staging.nationalpardon.org\/?p=6087"},"author":{"name":"National Pardon","@id":"https:\/\/staging.nationalpardon.org\/#\/schema\/person\/7d8875ab66fc730533e59e05d71b75ba"},"headline":"Les demandes de pardon ne sont pas \u00e9limin\u00e9es","datePublished":"2014-06-25T16:36:11+00:00","mainEntityOfPage":{"@id":"https:\/\/staging.nationalpardon.org\/?p=6087"},"wordCount":474,"commentCount":2,"image":{"@id":"https:\/\/staging.nationalpardon.org\/?p=6087#primaryimage"},"thumbnailUrl":"","articleSection":["Empreintes"],"inLanguage":"en-CA","potentialAction":[{"@type":"CommentAction","name":"Comment","target":["https:\/\/staging.nationalpardon.org\/?p=6087#respond"]}]},{"@type":"WebPage","@id":"https:\/\/staging.nationalpardon.org\/?p=6087","url":"https:\/\/staging.nationalpardon.org\/?p=6087","name":"Les pardon ne sont pas \u00e9limin\u00e9es | Centre du pardon national","isPartOf":{"@id":"https:\/\/staging.nationalpardon.org\/#website"},"primaryImageOfPage":{"@id":"https:\/\/staging.nationalpardon.org\/?p=6087#primaryimage"},"image":{"@id":"https:\/\/staging.nationalpardon.org\/?p=6087#primaryimage"},"thumbnailUrl":"","datePublished":"2014-06-25T16:36:11+00:00","author":{"@id":"https:\/\/staging.nationalpardon.org\/#\/schema\/person\/7d8875ab66fc730533e59e05d71b75ba"},"description":"Contrairement aux publicit\u00e9s comme celle apparaissant dans ce billet et qui sont publi\u00e9es r\u00e9guli\u00e8rement sur Facebook, les pardons NE SONT pas \u00e9limin\u00e9s.","breadcrumb":{"@id":"https:\/\/staging.nationalpardon.org\/?p=6087#breadcrumb"},"inLanguage":"en-CA","potentialAction":[{"@type":"ReadAction","target":["https:\/\/staging.nationalpardon.org\/?p=6087"]}]},{"@type":"ImageObject","inLanguage":"en-CA","@id":"https:\/\/staging.nationalpardon.org\/?p=6087#primaryimage","url":"","contentUrl":""},{"@type":"BreadcrumbList","@id":"https:\/\/staging.nationalpardon.org\/?p=6087#breadcrumb","itemListElement":[{"@type":"ListItem","position":1,"name":"Home","item":"https:\/\/staging.nationalpardon.org\/"},{"@type":"ListItem","position":2,"name":"Les demandes de pardon ne sont pas \u00e9limin\u00e9es"}]},{"@type":"WebSite","@id":"https:\/\/staging.nationalpardon.org\/#website","url":"https:\/\/staging.nationalpardon.org\/","name":"staging.nationalpardon.org","description":"","potentialAction":[{"@type":"SearchAction","target":{"@type":"EntryPoint","urlTemplate":"https:\/\/staging.nationalpardon.org\/?s={search_term_string}"},"query-input":{"@type":"PropertyValueSpecification","valueRequired":true,"valueName":"search_term_string"}}],"inLanguage":"en-CA"},{"@type":"Person","@id":"https:\/\/staging.nationalpardon.org\/#\/schema\/person\/7d8875ab66fc730533e59e05d71b75ba","name":"National Pardon","image":{"@type":"ImageObject","inLanguage":"en-CA","@id":"https:\/\/secure.gravatar.com\/avatar\/d55e3ad3ac775d0424d0fabd5ee073c9b71cd7bd352610bb4cc4ff574dc748fe?s=96&d=mm&r=g","url":"https:\/\/secure.gravatar.com\/avatar\/d55e3ad3ac775d0424d0fabd5ee073c9b71cd7bd352610bb4cc4ff574dc748fe?s=96&d=mm&r=g","contentUrl":"https:\/\/secure.gravatar.com\/avatar\/d55e3ad3ac775d0424d0fabd5ee073c9b71cd7bd352610bb4cc4ff574dc748fe?s=96&d=mm&r=g","caption":"National Pardon"},"url":"https:\/\/staging.nationalpardon.org\/?author=2"}]}},"_links":{"self":[{"href":"https:\/\/staging.nationalpardon.org\/index.php?rest_route=\/wp\/v2\/posts\/6087","targetHints":{"allow":["GET"]}}],"collection":[{"href":"https:\/\/staging.nationalpardon.org\/index.php?rest_route=\/wp\/v2\/posts"}],"about":[{"href":"https:\/\/staging.nationalpardon.org\/index.php?rest_route=\/wp\/v2\/types\/post"}],"author":[{"embeddable":true,"href":"https:\/\/staging.nationalpardon.org\/index.php?rest_route=\/wp\/v2\/users\/2"}],"replies":[{"embeddable":true,"href":"https:\/\/staging.nationalpardon.org\/index.php?rest_route=%2Fwp%2Fv2%2Fcomments&post=6087"}],"version-history":[{"count":0,"href":"https:\/\/staging.nationalpardon.org\/index.php?rest_route=\/wp\/v2\/posts\/6087\/revisions"}],"wp:featuredmedia":[{"embeddable":true,"href":"https:\/\/staging.nationalpardon.org\/index.php?rest_route=\/"}],"wp:attachment":[{"href":"https:\/\/staging.nationalpardon.org\/index.php?rest_route=%2Fwp%2Fv2%2Fmedia&parent=6087"}],"wp:term":[{"taxonomy":"category","embeddable":true,"href":"https:\/\/staging.nationalpardon.org\/index.php?rest_route=%2Fwp%2Fv2%2Fcategories&post=6087"},{"taxonomy":"post_tag","embeddable":true,"href":"https:\/\/staging.nationalpardon.org\/index.php?rest_route=%2Fwp%2Fv2%2Ftags&post=6087"}],"curies":[{"name":"wp","href":"https:\/\/api.w.org\/{rel}","templated":true}]}}